{"id":468,"date":"2025-05-02T09:42:35","date_gmt":"2025-05-02T09:42:35","guid":{"rendered":"https:\/\/www.samcopro-assurance.fr\/?p=468"},"modified":"2025-05-02T09:50:13","modified_gmt":"2025-05-02T09:50:13","slug":"guide-choisir-son-assurance-pro","status":"publish","type":"post","link":"https:\/\/www.samcopro-assurance.fr\/?p=468","title":{"rendered":"Guide complet : Comment choisir son assurance pro ?"},"content":{"rendered":"\n<h2 class=\"wp-block-heading\">Introduction<\/h2>\n\n\n\n<p>Que vous soyez entrepreneur, artisan, commer\u00e7ant ou profession lib\u00e9rale, souscrire une assurance professionnelle est une \u00e9tape incontournable pour s\u00e9curiser votre activit\u00e9. Mais face \u00e0 la diversit\u00e9 des offres et garanties disponibles, comment choisir son assurance pro efficacement ? Ce guide vous apporte toutes les cl\u00e9s pour identifier vos besoins et s\u00e9lectionner la meilleure couverture.<\/p>\n\n\n\n<h2 class=\"wp-block-heading\">Pourquoi souscrire une assurance professionnelle ?<\/h2>\n\n\n\n<p>L\u2019assurance professionnelle prot\u00e8ge votre entreprise contre divers risques : dommages aux biens, responsabilit\u00e9 civile, litiges avec des tiers, pertes financi\u00e8res, etc. Selon votre secteur d\u2019activit\u00e9, certaines assurances sont m\u00eame obligatoires.<\/p>\n\n\n\n<figure class=\"wp-block-image size-full is-resized\"><img loading=\"lazy\" decoding=\"async\" width=\"1280\" height=\"720\" src=\"https:\/\/www.samcopro-assurance.fr\/wp-content\/uploads\/2025\/05\/42406566892_bd130ce5aa_b-1.jpg\" alt=\"Un agent d'assurance expliquant un contrat \u00e0 un client PME\" class=\"wp-image-470\" style=\"width:619px;height:auto\" srcset=\"https:\/\/www.samcopro-assurance.fr\/wp-content\/uploads\/2025\/05\/42406566892_bd130ce5aa_b-1.jpg 1280w, https:\/\/www.samcopro-assurance.fr\/wp-content\/uploads\/2025\/05\/42406566892_bd130ce5aa_b-1-980x551.jpg 980w, https:\/\/www.samcopro-assurance.fr\/wp-content\/uploads\/2025\/05\/42406566892_bd130ce5aa_b-1-480x270.jpg 480w\" sizes=\"(min-width: 0px) and (max-width: 480px) 480px, (min-width: 481px) and (max-width: 980px) 980px, (min-width: 981px) 1280px, 100vw\" \/><\/figure>\n\n\n\n<h2 class=\"wp-block-heading\">Les risques couverts par une assurance pro<\/h2>\n\n\n\n<ul class=\"wp-block-list\">\n<li><strong>Responsabilit\u00e9 civile professionnelle (RC Pro)<\/strong> : Couvre les dommages caus\u00e9s \u00e0 des tiers dans le cadre de votre activit\u00e9.<\/li>\n\n\n\n<li><strong>Multirisque professionnelle<\/strong> : Prot\u00e8ge vos locaux, \u00e9quipements et stocks contre les sinistres (incendie, vol, d\u00e9g\u00e2t des eaux).<\/li>\n\n\n\n<li><strong>Protection juridique<\/strong> : Prend en charge les frais juridiques en cas de litige.<\/li>\n\n\n\n<li><strong>Assurance perte d\u2019exploitation<\/strong> : Compense la baisse de chiffre d\u2019affaires en cas d\u2019interruption d\u2019activit\u00e9.<\/li>\n<\/ul>\n\n\n\n<h2 class=\"wp-block-heading\">Comment \u00e9valuer ses besoins en assurance pro ?<\/h2>\n\n\n\n<p>Avant de souscrire une assurance, il est crucial d\u2019analyser les risques li\u00e9s \u00e0 votre activit\u00e9.<\/p>\n\n\n\n<h2 class=\"wp-block-heading\">Identifier les obligations l\u00e9gales<\/h2>\n\n\n\n<p>Certaines professions (m\u00e9decins, avocats, architectes, agents immobiliers\u2026) ont l\u2019obligation de souscrire une <a href=\"https:\/\/www.samcopro-assurance.fr\/?page_id=174\">RC Pro<\/a>. V\u00e9rifiez si votre m\u00e9tier est concern\u00e9.<\/p>\n\n\n\n<h2 class=\"wp-block-heading\">Estimer la valeur de votre patrimoine professionnel<\/h2>\n\n\n\n<p>Si vous poss\u00e9dez des locaux, du mat\u00e9riel co\u00fbteux ou des stocks importants, une assurance multirisque est indispensable.<\/p>\n\n\n\n<h2 class=\"wp-block-heading\">Analyser vos interactions avec des tiers<\/h2>\n\n\n\n<p>Si votre activit\u00e9 vous expose \u00e0 des clients, fournisseurs ou partenaires, une responsabilit\u00e9 civile est essentielle pour couvrir d\u2019\u00e9ventuels dommages.<\/p>\n\n\n\n<figure class=\"wp-block-image size-full is-resized\"><img loading=\"lazy\" decoding=\"async\" width=\"879\" height=\"767\" src=\"https:\/\/www.samcopro-assurance.fr\/wp-content\/uploads\/2025\/05\/Individual-life-insurance-throughout-New-Jersey.webp\" alt=\"Un propri\u00e9taire d'entreprise comparant les contrats d'assurance de son entreprise\" class=\"wp-image-471\" style=\"width:575px;height:auto\" srcset=\"https:\/\/www.samcopro-assurance.fr\/wp-content\/uploads\/2025\/05\/Individual-life-insurance-throughout-New-Jersey.webp 879w, https:\/\/www.samcopro-assurance.fr\/wp-content\/uploads\/2025\/05\/Individual-life-insurance-throughout-New-Jersey-480x419.webp 480w\" sizes=\"(min-width: 0px) and (max-width: 480px) 480px, (min-width: 481px) 879px, 100vw\" \/><\/figure>\n\n\n\n<h2 class=\"wp-block-heading\">Les crit\u00e8res pour bien choisir son assurance pro<\/h2>\n\n\n\n<h3 class=\"wp-block-heading\">Les garanties propos\u00e9es<\/h3>\n\n\n\n<p>Comparez les garanties incluses dans chaque contrat. Privil\u00e9giez une couverture adapt\u00e9e \u00e0 votre activit\u00e9 et \u00e9vitez les garanties inutiles.<\/p>\n\n\n\n<h3 class=\"wp-block-heading\">Les exclusions de garanties<\/h3>\n\n\n\n<p>Certaines assurances excluent des \u00e9v\u00e9nements sp\u00e9cifiques (catastrophes naturelles, actes de malveillance\u2026). Lisez attentivement les conditions g\u00e9n\u00e9rales.<\/p>\n\n\n\n<h3 class=\"wp-block-heading\">Les plafonds d\u2019indemnisation<\/h3>\n\n\n\n<p>V\u00e9rifiez le montant maximal que votre assureur prendra en charge en cas de sinistre. Assurez-vous que ce plafond correspond \u00e0 vos besoins.<\/p>\n\n\n\n<h3 class=\"wp-block-heading\">Le montant des franchises<\/h3>\n\n\n\n<p>La franchise est la somme qui reste \u00e0 votre charge en cas de sinistre. Un contrat avec une franchise \u00e9lev\u00e9e peut sembler moins cher, mais il peut \u00eatre co\u00fbteux en cas de probl\u00e8me.<\/p>\n\n\n\n<h3 class=\"wp-block-heading\">Le prix de l\u2019assurance<\/h3>\n\n\n\n<p>Comparez les tarifs en tenant compte des garanties incluses. Un contrat moins cher peut offrir une couverture insuffisante.<\/p>\n\n\n\n<h2 class=\"wp-block-heading\">O\u00f9 souscrire une assurance professionnelle ?<\/h2>\n\n\n\n<ul class=\"wp-block-list\">\n<li><strong>Les compagnies d\u2019assurance traditionnelles&nbsp;: <\/strong>Elles proposent des contrats personnalis\u00e9s et un accompagnement sur mesure.<\/li>\n\n\n\n<li><strong>Les courtiers en assurance&nbsp;: <\/strong>Ils comparent pour vous plusieurs offres afin de trouver le meilleur rapport qualit\u00e9\/prix.<\/li>\n\n\n\n<li><strong>Les assurances en ligne&nbsp;: <\/strong>De plus en plus populaires, elles offrent des tarifs comp\u00e9titifs et une gestion simplifi\u00e9e des contrats.<\/li>\n<\/ul>\n\n\n\n<h2 class=\"wp-block-heading\">Astuces pour optimiser son contrat d\u2019assurance pro<\/h2>\n\n\n\n<ul class=\"wp-block-list\">\n<li><strong>Faire jouer la concurrence<\/strong> : Comparez plusieurs devis avant de choisir.<\/li>\n\n\n\n<li><strong>N\u00e9gocier les conditions<\/strong> : Certaines garanties peuvent \u00eatre ajust\u00e9es en fonction de vos besoins.<\/li>\n\n\n\n<li><strong>V\u00e9rifier r\u00e9guli\u00e8rement son contrat<\/strong> : Vos besoins \u00e9voluent, votre contrat doit s\u2019adapter.<\/li>\n\n\n\n<li><strong>\u00c9viter les doublons<\/strong> : V\u00e9rifiez si certaines garanties sont d\u00e9j\u00e0 couvertes par d\u2019autres contrats (exemple : assurance habitation si vous travaillez \u00e0 domicile).<\/li>\n<\/ul>\n\n\n\n<h2 class=\"wp-block-heading\">Conclusion<\/h2>\n\n\n\n<p>Choisir son assurance pro n\u00e9cessite une analyse approfondie de votre activit\u00e9 et des risques encourus. Une couverture bien adapt\u00e9e vous \u00e9vitera des pertes financi\u00e8res en cas de sinistre. Prenez le temps de comparer les offres et n\u2019h\u00e9sitez pas \u00e0 demander conseil \u00e0 un expert en assurance.<\/p>\n","protected":false},"excerpt":{"rendered":"<p>Introduction Que vous soyez entrepreneur, artisan, commer\u00e7ant ou profession lib\u00e9rale, souscrire une assurance professionnelle est une \u00e9tape incontournable pour s\u00e9curiser votre activit\u00e9. Mais face \u00e0 la diversit\u00e9 des offres et garanties disponibles, comment choisir son assurance pro efficacement ? Ce guide vous apporte toutes les cl\u00e9s pour identifier vos besoins et s\u00e9lectionner la meilleure couverture. [&hellip;]<\/p>\n","protected":false},"author":3,"featured_media":0,"comment_status":"open","ping_status":"open","sticky":false,"template":"","format":"standard","meta":{"_et_pb_use_builder":"off","_et_pb_old_content":"","_et_gb_content_width":"","footnotes":""},"categories":[1],"tags":[],"class_list":["post-468","post","type-post","status-publish","format-standard","hentry","category-uncategorized"],"_links":{"self":[{"href":"https:\/\/www.samcopro-assurance.fr\/index.php?rest_route=\/wp\/v2\/posts\/468","targetHints":{"allow":["GET"]}}],"collection":[{"href":"https:\/\/www.samcopro-assurance.fr\/index.php?rest_route=\/wp\/v2\/posts"}],"about":[{"href":"https:\/\/www.samcopro-assurance.fr\/index.php?rest_route=\/wp\/v2\/types\/post"}],"author":[{"embeddable":true,"href":"https:\/\/www.samcopro-assurance.fr\/index.php?rest_route=\/wp\/v2\/users\/3"}],"replies":[{"embeddable":true,"href":"https:\/\/www.samcopro-assurance.fr\/index.php?rest_route=%2Fwp%2Fv2%2Fcomments&post=468"}],"version-history":[{"count":2,"href":"https:\/\/www.samcopro-assurance.fr\/index.php?rest_route=\/wp\/v2\/posts\/468\/revisions"}],"predecessor-version":[{"id":478,"href":"https:\/\/www.samcopro-assurance.fr\/index.php?rest_route=\/wp\/v2\/posts\/468\/revisions\/478"}],"wp:attachment":[{"href":"https:\/\/www.samcopro-assurance.fr\/index.php?rest_route=%2Fwp%2Fv2%2Fmedia&parent=468"}],"wp:term":[{"taxonomy":"category","embeddable":true,"href":"https:\/\/www.samcopro-assurance.fr\/index.php?rest_route=%2Fwp%2Fv2%2Fcategories&post=468"},{"taxonomy":"post_tag","embeddable":true,"href":"https:\/\/www.samcopro-assurance.fr\/index.php?rest_route=%2Fwp%2Fv2%2Ftags&post=468"}],"curies":[{"name":"wp","href":"https:\/\/api.w.org\/{rel}","templated":true}]}}