{"id":512,"date":"2025-05-06T13:46:44","date_gmt":"2025-05-06T13:46:44","guid":{"rendered":"https:\/\/www.samcopro-assurance.fr\/?p=512"},"modified":"2025-05-06T13:46:45","modified_gmt":"2025-05-06T13:46:45","slug":"changements-reglementaires-en-assurance","status":"publish","type":"post","link":"https:\/\/www.samcopro-assurance.fr\/?p=512","title":{"rendered":"Changements r\u00e9glementaires en assurance pour les PME et entrepreneurs"},"content":{"rendered":"\n<h2 class=\"wp-block-heading\"><strong>Introduction : un contexte r\u00e9glementaire en pleine \u00e9volution<\/strong><\/h2>\n\n\n\n<p>Depuis quelques ann\u00e9es, le cadre l\u00e9gislatif et r\u00e9glementaire en mati\u00e8re d\u2019assurance \u00e9volue rapidement. Pour les entrepreneurs, les dirigeants de TPE\/PME et les ind\u00e9pendants, ces changements impactent directement leur gestion des risques, leurs contrats d\u2019assurance et parfois m\u00eame leur responsabilit\u00e9 personnelle.<\/p>\n\n\n\n<p><strong>SAMCO-PRO<\/strong>, expert en solutions professionnelles, vous d\u00e9crypte les principaux ajustements r\u00e9cents en mati\u00e8re d\u2019assurance et vous aide \u00e0 anticiper les \u00e9volutions pour rester en conformit\u00e9 tout en prot\u00e9geant votre activit\u00e9.<\/p>\n\n\n\n<figure class=\"wp-block-image size-large is-resized\"><img loading=\"lazy\" decoding=\"async\" width=\"1024\" height=\"682\" src=\"https:\/\/www.samcopro-assurance.fr\/wp-content\/uploads\/2025\/05\/Workplace-Stress-Stressed-Out-Man-1100x733-1-1024x682.jpg\" alt=\"Entrepreneur, stress\u00e9 par les documents juridiques, confront\u00e9 aux Changements r\u00e9glementaires en assurance pro\" class=\"wp-image-513\" style=\"width:622px;height:auto\" srcset=\"https:\/\/www.samcopro-assurance.fr\/wp-content\/uploads\/2025\/05\/Workplace-Stress-Stressed-Out-Man-1100x733-1-1024x682.jpg 1024w, https:\/\/www.samcopro-assurance.fr\/wp-content\/uploads\/2025\/05\/Workplace-Stress-Stressed-Out-Man-1100x733-1-980x653.jpg 980w, https:\/\/www.samcopro-assurance.fr\/wp-content\/uploads\/2025\/05\/Workplace-Stress-Stressed-Out-Man-1100x733-1-480x320.jpg 480w\" sizes=\"(min-width: 0px) and (max-width: 480px) 480px, (min-width: 481px) and (max-width: 980px) 980px, (min-width: 981px) 1024px, 100vw\" \/><\/figure>\n\n\n\n<hr class=\"wp-block-separator has-alpha-channel-opacity\"\/>\n\n\n\n<h2 class=\"wp-block-heading\"><strong>Renforcement de l&rsquo;obligation d&rsquo;information du souscripteur<\/strong><\/h2>\n\n\n\n<p>L&rsquo;une des \u00e9volutions notables est le <strong>renforcement de l&rsquo;obligation d&rsquo;information et de transparence<\/strong> impos\u00e9e aux assureurs et aux courtiers. D\u00e9sormais, les professionnels doivent \u00eatre clairement inform\u00e9s des garanties incluses, des exclusions, et des conditions g\u00e9n\u00e9rales.<\/p>\n\n\n\n<p>\ud83d\udc49 Cela implique que les chefs d&rsquo;entreprise doivent lire attentivement leurs contrats et poser les bonnes questions \u00e0 leur courtier ou assureur.<\/p>\n\n\n\n<hr class=\"wp-block-separator has-alpha-channel-opacity\"\/>\n\n\n\n<h2 class=\"wp-block-heading\"><strong>Digitalisation des proc\u00e9dures et signature \u00e9lectronique<\/strong><\/h2>\n\n\n\n<p>Depuis la pand\u00e9mie, la signature \u00e9lectronique est entr\u00e9e dans les usages. Elle est d\u00e9sormais pleinement reconnue dans les processus de souscription d\u2019assurance, y compris pour les professionnels.<\/p>\n\n\n\n<p><strong>Avantages<\/strong> :<\/p>\n\n\n\n<ul class=\"wp-block-list\">\n<li>Gain de temps<\/li>\n\n\n\n<li>Archivage num\u00e9rique<\/li>\n\n\n\n<li>Tra\u00e7abilit\u00e9 l\u00e9gale renforc\u00e9e<\/li>\n<\/ul>\n\n\n\n<p>Mais attention : les documents sign\u00e9s \u00e9lectroniquement ont <strong>la m\u00eame valeur juridique<\/strong> qu\u2019une signature manuscrite.<\/p>\n\n\n\n<hr class=\"wp-block-separator has-alpha-channel-opacity\"\/>\n\n\n\n<h2 class=\"wp-block-heading\"><strong>Assurance cyber-risque : de plus en plus indispensable<\/strong><\/h2>\n\n\n\n<p>Avec la recrudescence des cyberattaques, le gouvernement et les autorit\u00e9s europ\u00e9ennes incitent fortement les entreprises \u00e0 <strong>souscrire une assurance cyber<\/strong>. Certaines branches comme la sant\u00e9, la finance ou l\u2019industrie sont particuli\u00e8rement cibl\u00e9es.<\/p>\n\n\n\n<p>\ud83d\udccc En France, bien que l&rsquo;assurance cyber ne soit pas encore obligatoire, elle devient <strong>fortement recommand\u00e9e<\/strong>, et des incitations fiscales pourraient appara\u00eetre.<\/p>\n\n\n\n<hr class=\"wp-block-separator has-alpha-channel-opacity\"\/>\n\n\n\n<h2 class=\"wp-block-heading\"><strong>Directive europ\u00e9enne sur la distribution d\u2019assurances (DDA)<\/strong><\/h2>\n\n\n\n<p>La <strong>DDA<\/strong> impose depuis 2018 des obligations accrues aux interm\u00e9diaires, notamment :<\/p>\n\n\n\n<ul class=\"wp-block-list\">\n<li>Mieux adapter les contrats aux besoins du client professionnel<\/li>\n\n\n\n<li>Fournir un document d&rsquo;information normalis\u00e9 (IPID)<\/li>\n\n\n\n<li>Mettre en place un suivi annuel des contrats<\/li>\n<\/ul>\n\n\n\n<p>\ud83c\udfaf Pour les entrepreneurs, cela se traduit par une <strong>meilleure transparence et tra\u00e7abilit\u00e9<\/strong> dans les relations avec leur courtier ou assureur.<\/p>\n\n\n\n<hr class=\"wp-block-separator has-alpha-channel-opacity\"\/>\n\n\n\n<h2 class=\"wp-block-heading\"><strong>D\u00e9claration plus pr\u00e9cise des risques professionnels<\/strong><\/h2>\n\n\n\n<p>Les assureurs exigent d\u00e9sormais des <strong>descriptions plus d\u00e9taill\u00e9es des activit\u00e9s couvertes<\/strong>, notamment pour les contrats multirisques professionnels, responsabilit\u00e9 civile ou d\u00e9cennale.<\/p>\n\n\n\n<p>\ud83d\udca1 Une erreur ou une omission peut <strong>entra\u00eener la nullit\u00e9 de la garantie<\/strong>. Il est crucial de bien documenter :<\/p>\n\n\n\n<ul class=\"wp-block-list\">\n<li>La nature exacte de l\u2019activit\u00e9<\/li>\n\n\n\n<li>Les outils utilis\u00e9s<\/li>\n\n\n\n<li>Le p\u00e9rim\u00e8tre d\u2019intervention<\/li>\n<\/ul>\n\n\n\n<hr class=\"wp-block-separator has-alpha-channel-opacity\"\/>\n\n\n\n<h2 class=\"wp-block-heading\"><strong>Encadrement des assurances obligatoires pour certaines professions<\/strong><\/h2>\n\n\n\n<p>Certaines professions lib\u00e9rales et techniques (architectes, professionnels du BTP, agents immobiliers\u2026) sont soumises \u00e0 des obligations sp\u00e9cifiques :<\/p>\n\n\n\n<ul class=\"wp-block-list\">\n<li>RC Pro obligatoire<\/li>\n\n\n\n<li>Garantie d\u00e9cennale<\/li>\n\n\n\n<li>Assurance financi\u00e8re<\/li>\n<\/ul>\n\n\n\n<p>Les r\u00e9formes r\u00e9centes ont pr\u00e9cis\u00e9 les modalit\u00e9s de contr\u00f4le et les sanctions en cas de non-conformit\u00e9. En 2024, des contr\u00f4les al\u00e9atoires peuvent \u00eatre men\u00e9s par les autorit\u00e9s ordinales et les chambres consulaires.<\/p>\n\n\n\n<hr class=\"wp-block-separator has-alpha-channel-opacity\"\/>\n\n\n\n<h2 class=\"wp-block-heading\"><strong>Extension des obligations li\u00e9es \u00e0 la protection sociale des dirigeants<\/strong><\/h2>\n\n\n\n<p>Avec la r\u00e9forme du r\u00e9gime social des ind\u00e9pendants (RSI devenu SSI), la distinction entre protection personnelle et professionnelle est plus floue. Les assurances pr\u00e9voyance et sant\u00e9 doivent d\u00e9sormais \u00eatre adapt\u00e9es aux statuts hybrides des dirigeants (pr\u00e9sident de SASU, g\u00e9rant majoritaire, etc.).<\/p>\n\n\n\n<p>Assurez-vous que votre <strong>assurance pr\u00e9voyance pro couvre bien l&rsquo;incapacit\u00e9 de travail ou l&rsquo;arr\u00eat maladie<\/strong> dans votre statut sp\u00e9cifique.<\/p>\n\n\n\n<figure class=\"wp-block-image size-full\"><img loading=\"lazy\" decoding=\"async\" width=\"890\" height=\"593\" src=\"https:\/\/www.samcopro-assurance.fr\/wp-content\/uploads\/2025\/05\/people-woman-coffee-meeting-large-1437599698.jpg\" alt=\"R\u00e9union d'entrepreneurs PME travaillant sur les changements r\u00e9glementaires en assurance, prise de notes et planification autour d'une table\" class=\"wp-image-514\" srcset=\"https:\/\/www.samcopro-assurance.fr\/wp-content\/uploads\/2025\/05\/people-woman-coffee-meeting-large-1437599698.jpg 890w, https:\/\/www.samcopro-assurance.fr\/wp-content\/uploads\/2025\/05\/people-woman-coffee-meeting-large-1437599698-480x320.jpg 480w\" sizes=\"(min-width: 0px) and (max-width: 480px) 480px, (min-width: 481px) 890px, 100vw\" \/><\/figure>\n\n\n\n<hr class=\"wp-block-separator has-alpha-channel-opacity\"\/>\n\n\n\n<h2 class=\"wp-block-heading\"><strong>Nouveaux textes sur l&rsquo;assurance perte d&rsquo;exploitation<\/strong><\/h2>\n\n\n\n<p>Suite \u00e0 la crise sanitaire, de nombreux litiges ont oppos\u00e9 entreprises et assureurs autour de la <strong>perte d\u2019exploitation sans dommage<\/strong>. D\u00e9sormais :<\/p>\n\n\n\n<ul class=\"wp-block-list\">\n<li>Certains contrats excluent explicitement ce risque<\/li>\n\n\n\n<li>D&rsquo;autres proposent des extensions avec franchises sp\u00e9cifiques<\/li>\n<\/ul>\n\n\n\n<p>Les assureurs sont tenus de <strong>pr\u00e9ciser clairement l\u2019\u00e9tendue de la garantie<\/strong> et les conditions de d\u00e9clenchement.<\/p>\n\n\n\n<hr class=\"wp-block-separator has-alpha-channel-opacity\"\/>\n\n\n\n<h2 class=\"wp-block-heading\"><strong>Impact de la loi climat sur les assurances professionnelles<\/strong><\/h2>\n\n\n\n<p>La <strong>loi Climat et R\u00e9silience<\/strong>, adopt\u00e9e en 2021, a un impact indirect mais croissant sur les assurances :<\/p>\n\n\n\n<ul class=\"wp-block-list\">\n<li>Les assureurs adaptent leurs offres aux <strong>risques environnementaux<\/strong><\/li>\n\n\n\n<li>De nouvelles garanties couvrent les <strong>risques li\u00e9s au d\u00e9r\u00e8glement climatique<\/strong> : inondation, s\u00e9cheresse, temp\u00eate<\/li>\n\n\n\n<li>Des incitations sont pr\u00e9vues pour les entreprises s\u2019engageant dans des d\u00e9marches \u00e9coresponsables<\/li>\n<\/ul>\n\n\n\n<hr class=\"wp-block-separator has-alpha-channel-opacity\"\/>\n\n\n\n<h2 class=\"wp-block-heading\"><strong>Harmonisation des pratiques au niveau europ\u00e9en<\/strong><\/h2>\n\n\n\n<p>Dans le cadre de l\u2019Union Europ\u00e9enne, des chantiers sont en cours pour <strong>standardiser les produits d\u2019assurance<\/strong>, en particulier pour les PME transfrontali\u00e8res. Cela facilite la souscription multi-pays, mais impose aux entreprises fran\u00e7aises de se conformer \u00e0 des mod\u00e8les harmonis\u00e9s.<\/p>\n\n\n\n<hr class=\"wp-block-separator has-alpha-channel-opacity\"\/>\n\n\n\n<h2 class=\"wp-block-heading\"><strong>Assurance des v\u00e9hicules professionnels : nouvelles r\u00e8gles de gestion<\/strong><\/h2>\n\n\n\n<p>Les flottes de v\u00e9hicules professionnelles sont concern\u00e9es par :<\/p>\n\n\n\n<ul class=\"wp-block-list\">\n<li>La modernisation du <strong>Fichier des V\u00e9hicules Assur\u00e9s (FVA)<\/strong><\/li>\n\n\n\n<li>L\u2019obligation de d\u00e9claration plus fine (conducteur habituel, type d\u2019usage)<\/li>\n<\/ul>\n\n\n\n<p>Les assureurs demandent \u00e9galement des <strong>justificatifs de conformit\u00e9<\/strong> plus fr\u00e9quents (contr\u00f4le technique, carte grise, preuve d\u2019entretien).<\/p>\n\n\n\n<hr class=\"wp-block-separator has-alpha-channel-opacity\"\/>\n\n\n\n<h2 class=\"wp-block-heading\"><strong>Le r\u00f4le des courtiers de proximit\u00e9 dans l\u2019adaptation<\/strong><\/h2>\n\n\n\n<p>Face \u00e0 cette complexit\u00e9 r\u00e9glementaire croissante, les entrepreneurs ont int\u00e9r\u00eat \u00e0 faire appel \u00e0 un <strong>courtier de proximit\u00e9<\/strong> comme <strong>SAMCO-PRO<\/strong>, capable de :<\/p>\n\n\n\n<ul class=\"wp-block-list\">\n<li>Traduire les textes en solutions concr\u00e8tes<\/li>\n\n\n\n<li>N\u00e9gocier les bonnes garanties<\/li>\n\n\n\n<li>Mettre \u00e0 jour r\u00e9guli\u00e8rement vos contrats<\/li>\n<\/ul>\n\n\n\n<hr class=\"wp-block-separator has-alpha-channel-opacity\"\/>\n\n\n\n<h2 class=\"wp-block-heading\"><strong>Le digital : une opportunit\u00e9 pour simplifier la conformit\u00e9<\/strong><\/h2>\n\n\n\n<p>De plus en plus d\u2019assureurs proposent des <strong>espaces clients num\u00e9riques<\/strong>, o\u00f9 il est possible de :<\/p>\n\n\n\n<ul class=\"wp-block-list\">\n<li>Suivre ses garanties<\/li>\n\n\n\n<li>D\u00e9clarer un sinistre<\/li>\n\n\n\n<li>Mettre \u00e0 jour ses informations<\/li>\n\n\n\n<li>T\u00e9l\u00e9charger des attestations<\/li>\n<\/ul>\n\n\n\n<p>Cela permet aux PME de <strong>gagner du temps et de mieux ma\u00eetriser leur conformit\u00e9<\/strong>.<\/p>\n\n\n\n<hr class=\"wp-block-separator has-alpha-channel-opacity\"\/>\n\n\n\n<h2 class=\"wp-block-heading\"><strong>Conclusion : anticiper plut\u00f4t que subir<\/strong><\/h2>\n\n\n\n<p>Les changements r\u00e9glementaires en assurance ne cessent d\u2019\u00e9voluer. Pour les entrepreneurs et dirigeants de PME, il est vital de :<\/p>\n\n\n\n<ul class=\"wp-block-list\">\n<li>R\u00e9aliser r\u00e9guli\u00e8rement un audit de leurs contrats<\/li>\n\n\n\n<li>Se tenir inform\u00e9 des \u00e9volutions l\u00e9gales<\/li>\n\n\n\n<li>Travailler avec des partenaires sp\u00e9cialis\u00e9s comme <strong>SAMCO-PRO<\/strong><\/li>\n<\/ul>\n\n\n\n<p>L\u2019assurance ne doit pas \u00eatre une contrainte, mais un levier de <strong>s\u00e9curit\u00e9 et de p\u00e9rennit\u00e9<\/strong> pour votre entreprise.<\/p>\n\n\n\n<hr class=\"wp-block-separator has-alpha-channel-opacity\"\/>\n\n\n\n<h2 class=\"wp-block-heading\"><strong>FAQs \u2013 Changements r\u00e9glementaires en assurance<\/strong><\/h2>\n\n\n\n<p><strong>Quels sont les principaux changements r\u00e9glementaires r\u00e9cents en assurance pour PME ?<\/strong><br>Renforcement de l&rsquo;information, d\u00e9veloppement des assurances cyber, obligations accrues pour les RC Pro et digitalisation des proc\u00e9dures.<\/p>\n\n\n\n<p><strong>La cyberassurance est-elle obligatoire pour une PME ?<\/strong><br>Pas encore, mais fortement recommand\u00e9e, notamment si vous g\u00e9rez des donn\u00e9es sensibles.<\/p>\n\n\n\n<p><strong>Dois-je mettre \u00e0 jour mes contrats en cas de changement d&rsquo;activit\u00e9 ?<\/strong><br>Oui, toute modification doit \u00eatre d\u00e9clar\u00e9e \u00e0 votre assureur pour \u00e9viter la nullit\u00e9 des garanties.<\/p>\n\n\n\n<p><strong>Comment savoir si mon contrat est conforme \u00e0 la r\u00e9glementation actuelle ?<\/strong><br>Faites appel \u00e0 un courtier comme SAMCO-PRO pour un audit gratuit de vos garanties.<\/p>\n\n\n\n<p><strong>Les assurances perte d\u2019exploitation couvrent-elles les crises sanitaires ?<\/strong><br>Cela d\u00e9pend du contrat. Depuis 2021, les clauses doivent \u00eatre explicites sur ce point.<\/p>\n\n\n\n<p><strong>Pourquoi choisir un courtier local comme SAMCO-PRO ?<\/strong><br>Pour b\u00e9n\u00e9ficier d\u2019un conseil personnalis\u00e9, adapt\u00e9 aux r\u00e9alit\u00e9s de terrain et aux \u00e9volutions r\u00e9glementaires locales.<\/p>\n\n\n\n<hr class=\"wp-block-separator has-alpha-channel-opacity\"\/>\n\n\n\n<p><strong>Besoin d\u2019un accompagnement personnalis\u00e9 pour vos assurances professionnelles ?<br>\ud83d\udc49 Contactez SAMCO-PRO, votre courtier partenaire en gestion de risques pour PME.<\/strong><\/p>\n","protected":false},"excerpt":{"rendered":"<p>Introduction : un contexte r\u00e9glementaire en pleine \u00e9volution Depuis quelques ann\u00e9es, le cadre l\u00e9gislatif et r\u00e9glementaire en mati\u00e8re d\u2019assurance \u00e9volue rapidement. Pour les entrepreneurs, les dirigeants de TPE\/PME et les ind\u00e9pendants, ces changements impactent directement leur gestion des risques, leurs contrats d\u2019assurance et parfois m\u00eame leur responsabilit\u00e9 personnelle. SAMCO-PRO, expert en solutions professionnelles, vous d\u00e9crypte [&hellip;]<\/p>\n","protected":false},"author":3,"featured_media":0,"comment_status":"open","ping_status":"open","sticky":false,"template":"","format":"standard","meta":{"_et_pb_use_builder":"off","_et_pb_old_content":"","_et_gb_content_width":"","footnotes":""},"categories":[1],"tags":[],"class_list":["post-512","post","type-post","status-publish","format-standard","hentry","category-uncategorized"],"_links":{"self":[{"href":"https:\/\/www.samcopro-assurance.fr\/index.php?rest_route=\/wp\/v2\/posts\/512","targetHints":{"allow":["GET"]}}],"collection":[{"href":"https:\/\/www.samcopro-assurance.fr\/index.php?rest_route=\/wp\/v2\/posts"}],"about":[{"href":"https:\/\/www.samcopro-assurance.fr\/index.php?rest_route=\/wp\/v2\/types\/post"}],"author":[{"embeddable":true,"href":"https:\/\/www.samcopro-assurance.fr\/index.php?rest_route=\/wp\/v2\/users\/3"}],"replies":[{"embeddable":true,"href":"https:\/\/www.samcopro-assurance.fr\/index.php?rest_route=%2Fwp%2Fv2%2Fcomments&post=512"}],"version-history":[{"count":1,"href":"https:\/\/www.samcopro-assurance.fr\/index.php?rest_route=\/wp\/v2\/posts\/512\/revisions"}],"predecessor-version":[{"id":515,"href":"https:\/\/www.samcopro-assurance.fr\/index.php?rest_route=\/wp\/v2\/posts\/512\/revisions\/515"}],"wp:attachment":[{"href":"https:\/\/www.samcopro-assurance.fr\/index.php?rest_route=%2Fwp%2Fv2%2Fmedia&parent=512"}],"wp:term":[{"taxonomy":"category","embeddable":true,"href":"https:\/\/www.samcopro-assurance.fr\/index.php?rest_route=%2Fwp%2Fv2%2Fcategories&post=512"},{"taxonomy":"post_tag","embeddable":true,"href":"https:\/\/www.samcopro-assurance.fr\/index.php?rest_route=%2Fwp%2Fv2%2Ftags&post=512"}],"curies":[{"name":"wp","href":"https:\/\/api.w.org\/{rel}","templated":true}]}}