{"id":520,"date":"2025-05-20T08:10:14","date_gmt":"2025-05-20T08:10:14","guid":{"rendered":"https:\/\/www.samcopro-assurance.fr\/?p=520"},"modified":"2025-06-02T07:34:00","modified_gmt":"2025-06-02T07:34:00","slug":"faq-questions-frequentes-sur-assurance-pro","status":"publish","type":"post","link":"https:\/\/www.samcopro-assurance.fr\/?p=520","title":{"rendered":"FAQ : R\u00e9ponses aux questions fr\u00e9quentes sur l\u2019assurance pro"},"content":{"rendered":"\n<p>FAQ : R\u00e9ponses aux questions f<\/p>\n\n\n\n<h2 class=\"wp-block-heading\"><strong>Qu\u2019est-ce qu\u2019une assurance professionnelle ?<\/strong><\/h2>\n\n\n\n<p>Une assurance professionnelle est un contrat destin\u00e9 \u00e0 couvrir les risques li\u00e9s \u00e0 l\u2019activit\u00e9 d\u2019une entreprise ou d\u2019un ind\u00e9pendant. Elle prot\u00e8ge contre les dommages caus\u00e9s \u00e0 des tiers, les pertes financi\u00e8res dues \u00e0 des sinistres, les litiges, ou encore les d\u00e9gradations mat\u00e9rielles.<\/p>\n\n\n\n<h3 class=\"wp-block-heading\"><strong>Elle peut inclure :<\/strong><\/h3>\n\n\n\n<ul class=\"wp-block-list\">\n<li>Une <strong>Responsabilit\u00e9 Civile Professionnelle (RC Pro)<\/strong><\/li>\n\n\n\n<li>Une <strong>Multirisque Professionnelle<\/strong><\/li>\n\n\n\n<li>Une <strong>Assurance perte d\u2019exploitation<\/strong><\/li>\n\n\n\n<li>Une <strong>Protection juridique<\/strong><\/li>\n\n\n\n<li>Une <strong>Assurance sant\u00e9 ou pr\u00e9voyance<\/strong> pour les dirigeants<\/li>\n<\/ul>\n\n\n\n<p>C\u2019est un outil de s\u00e9curit\u00e9 qui permet \u00e0 l\u2019entreprise de continuer \u00e0 fonctionner m\u00eame en cas d\u2019impr\u00e9vu majeur.<\/p>\n\n\n\n<hr class=\"wp-block-separator has-alpha-channel-opacity\"\/>\n\n\n\n<h2 class=\"wp-block-heading\"><strong>Est-elle obligatoire ?<\/strong><\/h2>\n\n\n\n<p>Oui et non. L\u2019obligation d\u00e9pend <strong>du type d\u2019activit\u00e9 exerc\u00e9e<\/strong>.<\/p>\n\n\n\n<h3 class=\"wp-block-heading\"><strong>Obligatoire pour certaines professions :<\/strong><\/h3>\n\n\n\n<ul class=\"wp-block-list\">\n<li>Professions r\u00e9glement\u00e9es (architectes, avocats, experts-comptables\u2026)<\/li>\n\n\n\n<li>Professions m\u00e9dicales et param\u00e9dicales<\/li>\n\n\n\n<li>Agents immobiliers, courtiers, consultants dans certains secteurs<\/li>\n<\/ul>\n\n\n\n<p>Pour d\u2019autres activit\u00e9s, elle n\u2019est pas l\u00e9galement obligatoire, mais elle est <strong>fortement recommand\u00e9e<\/strong>, notamment pour tout professionnel en contact direct avec des clients ou manipulant des donn\u00e9es sensibles, des objets ou des \u00e9quipements.<\/p>\n\n\n\n<figure class=\"wp-block-image size-full is-resized\"><img loading=\"lazy\" decoding=\"async\" width=\"1024\" height=\"683\" src=\"https:\/\/www.samcopro-assurance.fr\/wp-content\/uploads\/2025\/05\/doctor-physician-white-coat-uniform-medical-assistant-stethoscope-1571983-pxhere.com_.jpg\" alt=\"M\u00e9decin, v\u00eatue d'une blouse de laboratoire et d'un st\u00e9thoscope, photographi\u00e9e par-dessus son \u00e9paule, g\u00e9rant son cabinet gr\u00e2ce \u00e0 une assurance professionnelle\" class=\"wp-image-526\" style=\"width:685px;height:auto\" srcset=\"https:\/\/www.samcopro-assurance.fr\/wp-content\/uploads\/2025\/05\/doctor-physician-white-coat-uniform-medical-assistant-stethoscope-1571983-pxhere.com_.jpg 1024w, https:\/\/www.samcopro-assurance.fr\/wp-content\/uploads\/2025\/05\/doctor-physician-white-coat-uniform-medical-assistant-stethoscope-1571983-pxhere.com_-980x654.jpg 980w, https:\/\/www.samcopro-assurance.fr\/wp-content\/uploads\/2025\/05\/doctor-physician-white-coat-uniform-medical-assistant-stethoscope-1571983-pxhere.com_-480x320.jpg 480w\" sizes=\"(min-width: 0px) and (max-width: 480px) 480px, (min-width: 481px) and (max-width: 980px) 980px, (min-width: 981px) 1024px, 100vw\" \/><\/figure>\n\n\n\n<hr class=\"wp-block-separator has-alpha-channel-opacity\"\/>\n\n\n\n<h2 class=\"wp-block-heading\"><strong>Pourquoi souscrire une RC Pro m\u00eame si ce n\u2019est pas obligatoire ?<\/strong><\/h2>\n\n\n\n<p>M\u00eame sans obligation l\u00e9gale, les risques sont bien r\u00e9els. Une simple erreur, un oubli, une mauvaise formulation peuvent entra\u00eener des <strong>dommages financiers importants<\/strong> pour un client, et vous exposer \u00e0 une <strong>demande d\u2019indemnisation<\/strong>.<\/p>\n\n\n\n<h3 class=\"wp-block-heading\"><strong>Exemples concrets :<\/strong><\/h3>\n\n\n\n<ul class=\"wp-block-list\">\n<li>Un d\u00e9veloppeur web provoque une panne sur le site d\u2019un client<\/li>\n\n\n\n<li>Un consultant fournit une recommandation inadapt\u00e9e, causant une perte de revenu<\/li>\n\n\n\n<li>Un photographe endommage du mat\u00e9riel pendant un shooting<\/li>\n<\/ul>\n\n\n\n<p>Dans ces cas, une RC Pro prend en charge les frais li\u00e9s au sinistre et \u00e9vite au professionnel de devoir assumer seul la charge financi\u00e8re.<\/p>\n\n\n\n<hr class=\"wp-block-separator has-alpha-channel-opacity\"\/>\n\n\n\n<h2 class=\"wp-block-heading\"><strong>Quelles sont les principales garanties incluses dans un contrat d\u2019assurance pro ?<\/strong><\/h2>\n\n\n\n<p>Les garanties d\u00e9pendent du contrat souscrit, mais les plus courantes sont :<\/p>\n\n\n\n<ul class=\"wp-block-list\">\n<li><strong>Responsabilit\u00e9 civile professionnelle<\/strong><\/li>\n\n\n\n<li><strong>Dommages aux biens professionnels (vol, incendie, d\u00e9g\u00e2t des eaux, etc.)<\/strong><\/li>\n\n\n\n<li><strong>Perte d\u2019exploitation<\/strong><\/li>\n\n\n\n<li><strong>Protection juridique<\/strong><\/li>\n\n\n\n<li><strong>Responsabilit\u00e9 civile exploitation<\/strong><\/li>\n\n\n\n<li><strong>Assurance du local commercial ou du bureau<\/strong><\/li>\n<\/ul>\n\n\n\n<p>Certaines garanties peuvent \u00eatre optionnelles ou modulables selon l\u2019activit\u00e9 exerc\u00e9e.<\/p>\n\n\n\n<hr class=\"wp-block-separator has-alpha-channel-opacity\"\/>\n\n\n\n<h2 class=\"wp-block-heading\"><strong>Quelle est la diff\u00e9rence entre RC Pro et RC Exploitation ?<\/strong><\/h2>\n\n\n\n<p>C\u2019est une question fr\u00e9quente qui m\u00e9rite d\u2019\u00eatre clarifi\u00e9e.<\/p>\n\n\n\n<ul class=\"wp-block-list\">\n<li>La <strong>RC Pro<\/strong> couvre les dommages caus\u00e9s <strong>dans le cadre de l\u2019ex\u00e9cution d\u2019une prestation professionnelle<\/strong> (ex. : erreur de conseil, d\u00e9faut dans une mission).<\/li>\n\n\n\n<li>La <strong>RC Exploitation<\/strong> couvre les incidents pouvant survenir <strong>en dehors de la mission elle-m\u00eame<\/strong>, mais dans le cadre du fonctionnement de l\u2019entreprise (ex. : chute d\u2019un client dans vos locaux).<\/li>\n<\/ul>\n\n\n\n<p>Les deux sont souvent compl\u00e9mentaires dans un contrat global.<\/p>\n\n\n\n<hr class=\"wp-block-separator has-alpha-channel-opacity\"\/>\n\n\n\n<h2 class=\"wp-block-heading\"><strong>Combien co\u00fbte une assurance professionnelle ?<\/strong><\/h2>\n\n\n\n<p>Le tarif varie selon plusieurs crit\u00e8res :<\/p>\n\n\n\n<ul class=\"wp-block-list\">\n<li>Le <strong>secteur d\u2019activit\u00e9<\/strong><\/li>\n\n\n\n<li>Le <strong>chiffre d\u2019affaires<\/strong> de l\u2019entreprise<\/li>\n\n\n\n<li>Le <strong>niveau de risque associ\u00e9 \u00e0 l\u2019activit\u00e9<\/strong><\/li>\n\n\n\n<li>Les <strong>garanties choisies<\/strong><\/li>\n\n\n\n<li>La <strong>taille de l\u2019\u00e9quipe ou des locaux<\/strong><\/li>\n<\/ul>\n\n\n\n<h3 class=\"wp-block-heading\"><strong>Exemples d\u2019ordres de grandeur :<\/strong><\/h3>\n\n\n\n<p>Chez <strong>SAMCO-PRO<\/strong>, nous proposons des <strong>solutions sur mesure<\/strong> avec un excellent rapport qualit\u00e9\/prix.<\/p>\n\n\n\n<ul class=\"wp-block-list\">\n<li>Pour un autoentrepreneur dans le conseil : entre 100 \u20ac et 300 \u20ac\/an<\/li>\n\n\n\n<li>Pour une petite entreprise avec locaux : entre 400 \u20ac et 1 200 \u20ac\/an<\/li>\n\n\n\n<li>Pour des professions \u00e0 risques : plusieurs milliers d\u2019euros<\/li>\n<\/ul>\n\n\n\n<hr class=\"wp-block-separator has-alpha-channel-opacity\"\/>\n\n\n\n<h2 class=\"wp-block-heading\"><strong>Peut-on modifier ou r\u00e9silier son contrat ?<\/strong><\/h2>\n\n\n\n<p>Oui, les contrats sont <strong>modulables<\/strong>. Vous pouvez ajuster vos garanties, augmenter vos plafonds ou ajouter des options.<\/p>\n\n\n\n<h3 class=\"wp-block-heading\"><strong>Pour la r\u00e9siliation :<\/strong><\/h3>\n\n\n\n<ul class=\"wp-block-list\">\n<li>Vous pouvez r\u00e9silier <strong>\u00e0 l\u2019\u00e9ch\u00e9ance annuelle<\/strong>, avec un pr\u00e9avis (g\u00e9n\u00e9ralement 2 mois).<\/li>\n\n\n\n<li>La <strong>loi Hamon<\/strong> permet de r\u00e9silier apr\u00e8s un an de contrat, sans justification.<\/li>\n\n\n\n<li>La <strong>loi Chatel<\/strong> impose \u00e0 l\u2019assureur de vous rappeler la date limite de r\u00e9siliation.<\/li>\n<\/ul>\n\n\n\n<p>SAMCO-PRO vous accompagne dans chaque \u00e9tape de modification ou de r\u00e9siliation pour vous offrir un maximum de souplesse.<\/p>\n\n\n\n<hr class=\"wp-block-separator has-alpha-channel-opacity\"\/>\n\n\n\n<h2 class=\"wp-block-heading\"><strong>Comment d\u00e9clarer un sinistre ?<\/strong><\/h2>\n\n\n\n<p>En cas d\u2019incident, vous devez <strong>d\u00e9clarer le sinistre rapidement<\/strong>, g\u00e9n\u00e9ralement sous 5 jours ouvr\u00e9s (2 jours en cas de vol).<\/p>\n\n\n\n<h3 class=\"wp-block-heading\"><strong>\u00c9tapes :<\/strong><\/h3>\n\n\n\n<ul class=\"wp-block-list\">\n<li>Rassembler les <strong>preuves<\/strong> (photos, devis, t\u00e9moignages\u2026)<\/li>\n\n\n\n<li><strong>Remplir le formulaire<\/strong> de d\u00e9claration de sinistre<\/li>\n\n\n\n<li>L\u2019envoyer \u00e0 votre assureur par <strong>email ou courrier recommand\u00e9<\/strong><\/li>\n<\/ul>\n\n\n\n<p>Une fois votre dossier complet, l\u2019assurance examine les faits et vous informe des suites (prise en charge, remboursement, expertise\u2026).<\/p>\n\n\n\n<hr class=\"wp-block-separator has-alpha-channel-opacity\"\/>\n\n\n\n<h2 class=\"wp-block-heading\"><strong>Faut-il une assurance sp\u00e9ciale pour les freelances ?<\/strong><\/h2>\n\n\n\n<p>Oui, m\u00eame un freelance qui travaille depuis chez lui a besoin d\u2019une assurance adapt\u00e9e.<\/p>\n\n\n\n<figure class=\"wp-block-image size-large is-resized\"><img loading=\"lazy\" decoding=\"async\" width=\"1024\" height=\"682\" src=\"https:\/\/www.samcopro-assurance.fr\/wp-content\/uploads\/2025\/05\/0_svcRvAt5mJvQZLOi-1024x682.jpg\" alt=\"Freelance, en activit\u00e9 en toute s\u00e9curit\u00e9 gr\u00e2ce \u00e0 l'assurance professionnelle\" class=\"wp-image-523\" style=\"width:619px;height:auto\" srcset=\"https:\/\/www.samcopro-assurance.fr\/wp-content\/uploads\/2025\/05\/0_svcRvAt5mJvQZLOi-980x653.jpg 980w, https:\/\/www.samcopro-assurance.fr\/wp-content\/uploads\/2025\/05\/0_svcRvAt5mJvQZLOi-480x320.jpg 480w\" sizes=\"(min-width: 0px) and (max-width: 480px) 480px, (min-width: 481px) and (max-width: 980px) 980px, (min-width: 981px) 1024px, 100vw\" \/><\/figure>\n\n\n\n<h3 class=\"wp-block-heading\"><strong>Sp\u00e9cificit\u00e9s :<\/strong><\/h3>\n\n\n\n<ul class=\"wp-block-list\">\n<li>Il engage sa responsabilit\u00e9 personnelle<\/li>\n\n\n\n<li>Il peut avoir besoin de prot\u00e9ger son mat\u00e9riel<\/li>\n\n\n\n<li>Il peut subir une perte d\u2019exploitation<\/li>\n\n\n\n<li>Il peut \u00eatre confront\u00e9 \u00e0 des litiges professionnels<\/li>\n<\/ul>\n\n\n\n<p>SAMCO-PRO propose des <strong>formules d\u00e9di\u00e9es aux freelances<\/strong>, avec des garanties flexibles et adapt\u00e9es \u00e0 chaque m\u00e9tier.<\/p>\n\n\n\n<hr class=\"wp-block-separator has-alpha-channel-opacity\"\/>\n\n\n\n<h2 class=\"wp-block-heading\"><strong>Comment bien choisir son assurance pro ?<\/strong><\/h2>\n\n\n\n<p>Voici une mini-checklist pour choisir sereinement :<\/p>\n\n\n\n<ul class=\"wp-block-list\">\n<li>Analysez vos <strong>risques professionnels<\/strong><\/li>\n\n\n\n<li>Identifiez les <strong>garanties n\u00e9cessaires<\/strong><\/li>\n\n\n\n<li>V\u00e9rifiez les <strong>exclusions de garantie<\/strong><\/li>\n\n\n\n<li>\u00c9tudiez les <strong>plafonds d\u2019indemnisation<\/strong><\/li>\n\n\n\n<li>Comparez les <strong>franchises<\/strong><\/li>\n\n\n\n<li>Privil\u00e9giez un assureur <strong>r\u00e9actif et \u00e0 l\u2019\u00e9coute<\/strong><\/li>\n<\/ul>\n\n\n\n<p>SAMCO-PRO vous aide \u00e0 <strong>\u00e9valuer vos besoins<\/strong> et vous propose des contrats 100 % personnalis\u00e9s.<\/p>\n\n\n\n<hr class=\"wp-block-separator has-alpha-channel-opacity\"\/>\n\n\n\n<h2 class=\"wp-block-heading\"><strong>Conclusion<\/strong><\/h2>\n\n\n\n<p>L\u2019assurance professionnelle ne doit jamais \u00eatre per\u00e7ue comme une contrainte, mais bien comme un investissement indispensable pour s\u00e9curiser son avenir et exercer son m\u00e9tier sereinement. Cette <strong>FAQ sur l\u2019assurance pro<\/strong> vous permet de mieux comprendre les enjeux, les obligations et les bonnes pratiques \u00e0 adopter. Que vous soyez freelance, dirigeant de TPE, ou artisan, notre \u00e9quipe SAMCO-PRO est l\u00e0 pour vous accompagner dans le choix de la <strong>protection id\u00e9ale<\/strong>.<\/p>\n\n\n\n<hr class=\"wp-block-separator has-alpha-channel-opacity\"\/>\n\n\n\n<p><strong>Vous avez encore des questions ? Contactez-nous chez SAMCO-PRO pour un diagnostic gratuit de vos besoins assurantiels.<\/strong><\/p>\n","protected":false},"excerpt":{"rendered":"<p>FAQ : R\u00e9ponses aux questions f Qu\u2019est-ce qu\u2019une assurance professionnelle ? Une assurance professionnelle est un contrat destin\u00e9 \u00e0 couvrir les risques li\u00e9s \u00e0 l\u2019activit\u00e9 d\u2019une entreprise ou d\u2019un ind\u00e9pendant. Elle prot\u00e8ge contre les dommages caus\u00e9s \u00e0 des tiers, les pertes financi\u00e8res dues \u00e0 des sinistres, les litiges, ou encore les d\u00e9gradations mat\u00e9rielles. Elle peut [&hellip;]<\/p>\n","protected":false},"author":3,"featured_media":0,"comment_status":"open","ping_status":"open","sticky":false,"template":"","format":"standard","meta":{"_et_pb_use_builder":"off","_et_pb_old_content":"","_et_gb_content_width":"","footnotes":""},"categories":[1],"tags":[],"class_list":["post-520","post","type-post","status-publish","format-standard","hentry","category-uncategorized"],"_links":{"self":[{"href":"https:\/\/www.samcopro-assurance.fr\/index.php?rest_route=\/wp\/v2\/posts\/520","targetHints":{"allow":["GET"]}}],"collection":[{"href":"https:\/\/www.samcopro-assurance.fr\/index.php?rest_route=\/wp\/v2\/posts"}],"about":[{"href":"https:\/\/www.samcopro-assurance.fr\/index.php?rest_route=\/wp\/v2\/types\/post"}],"author":[{"embeddable":true,"href":"https:\/\/www.samcopro-assurance.fr\/index.php?rest_route=\/wp\/v2\/users\/3"}],"replies":[{"embeddable":true,"href":"https:\/\/www.samcopro-assurance.fr\/index.php?rest_route=%2Fwp%2Fv2%2Fcomments&post=520"}],"version-history":[{"count":4,"href":"https:\/\/www.samcopro-assurance.fr\/index.php?rest_route=\/wp\/v2\/posts\/520\/revisions"}],"predecessor-version":[{"id":530,"href":"https:\/\/www.samcopro-assurance.fr\/index.php?rest_route=\/wp\/v2\/posts\/520\/revisions\/530"}],"wp:attachment":[{"href":"https:\/\/www.samcopro-assurance.fr\/index.php?rest_route=%2Fwp%2Fv2%2Fmedia&parent=520"}],"wp:term":[{"taxonomy":"category","embeddable":true,"href":"https:\/\/www.samcopro-assurance.fr\/index.php?rest_route=%2Fwp%2Fv2%2Fcategories&post=520"},{"taxonomy":"post_tag","embeddable":true,"href":"https:\/\/www.samcopro-assurance.fr\/index.php?rest_route=%2Fwp%2Fv2%2Ftags&post=520"}],"curies":[{"name":"wp","href":"https:\/\/api.w.org\/{rel}","templated":true}]}}