{"id":531,"date":"2025-06-02T07:45:39","date_gmt":"2025-06-02T07:45:39","guid":{"rendered":"https:\/\/www.samcopro-assurance.fr\/?p=531"},"modified":"2025-06-02T07:45:40","modified_gmt":"2025-06-02T07:45:40","slug":"etude-de-cas-en-restauration","status":"publish","type":"post","link":"https:\/\/www.samcopro-assurance.fr\/?p=531","title":{"rendered":"\u00c9tude de cas en restauration : Comment une assurance professionnelle a sauv\u00e9 un restaurant"},"content":{"rendered":"\n<h2 class=\"wp-block-heading\"><strong>Introduction<\/strong><\/h2>\n\n\n\n<p>Le secteur de la restauration est l\u2019un des plus dynamiques\u2026 mais aussi des plus expos\u00e9s aux risques. Entre incendies de cuisine, intoxications alimentaires, d\u00e9g\u00e2ts des eaux ou encore litiges avec des fournisseurs, les restaurateurs ne sont jamais \u00e0 l\u2019abri. Dans cet <strong>exemple concret d\u2019\u00e9tude de cas en restauration<\/strong>, nous vous racontons comment un restaurant lyonnais a pu surmonter une crise majeure gr\u00e2ce \u00e0 une assurance professionnelle bien pens\u00e9e. Une d\u00e9monstration claire de l\u2019importance vitale d\u2019\u00eatre bien couvert dans ce secteur.<\/p>\n\n\n\n<hr class=\"wp-block-separator has-alpha-channel-opacity\"\/>\n\n\n\n<h2 class=\"wp-block-heading\"><strong>Le contexte : Un bistrot lyonnais en plein essor<\/strong><\/h2>\n\n\n\n<p>Situ\u00e9 au c\u0153ur du 2e arrondissement de Lyon, <strong>un petit bistrot<\/strong>, \u00e9tablissement familial, reconnu pour sa cuisine de saison et son atmosph\u00e8re conviviale. En 2022, apr\u00e8s deux ann\u00e9es difficiles li\u00e9es \u00e0 la pand\u00e9mie, le restaurant retrouve enfin son niveau de fr\u00e9quentation pr\u00e9-COVID.<\/p>\n\n\n\n<figure class=\"wp-block-image size-full\"><img loading=\"lazy\" decoding=\"async\" width=\"1024\" height=\"680\" src=\"https:\/\/www.samcopro-assurance.fr\/wp-content\/uploads\/2025\/06\/120473888_b2d8a4567b_b.jpg\" alt=\"Int\u00e9rieur d'un restaurant, couvert par une assurance professionnelle\" class=\"wp-image-532\" srcset=\"https:\/\/www.samcopro-assurance.fr\/wp-content\/uploads\/2025\/06\/120473888_b2d8a4567b_b.jpg 1024w, https:\/\/www.samcopro-assurance.fr\/wp-content\/uploads\/2025\/06\/120473888_b2d8a4567b_b-980x651.jpg 980w, https:\/\/www.samcopro-assurance.fr\/wp-content\/uploads\/2025\/06\/120473888_b2d8a4567b_b-480x319.jpg 480w\" sizes=\"(min-width: 0px) and (max-width: 480px) 480px, (min-width: 481px) and (max-width: 980px) 980px, (min-width: 981px) 1024px, 100vw\" \/><\/figure>\n\n\n\n<p>Avec une \u00e9quipe de 7 salari\u00e9s et un chiffre d&rsquo;affaires en croissance, le g\u00e9rant d\u00e9cide de moderniser sa cuisine et d\u2019\u00e9largir ses horaires. \u00c0 cette \u00e9poque, il renouvelle son contrat d\u2019assurance, optant pour une <strong>multirisque professionnelle renforc\u00e9e<\/strong>, int\u00e9grant :<\/p>\n\n\n\n<ul class=\"wp-block-list\">\n<li>La responsabilit\u00e9 civile professionnelle<\/li>\n\n\n\n<li>La couverture du mat\u00e9riel et du mobilier<\/li>\n\n\n\n<li>L\u2019assurance perte d\u2019exploitation<\/li>\n\n\n\n<li>Une garantie contre les sinistres li\u00e9s aux installations \u00e9lectriques<\/li>\n<\/ul>\n\n\n\n<p>Un choix judicieux\u2026 qui allait s\u2019av\u00e9rer d\u00e9terminant quelques mois plus tard.<\/p>\n\n\n\n<hr class=\"wp-block-separator has-alpha-channel-opacity\"\/>\n\n\n\n<h2 class=\"wp-block-heading\"><strong>Le sinistre : un incendie \u00e9lectrique en pleine nuit<\/strong><\/h2>\n\n\n\n<p>En novembre 2023, un <strong>court-circuit \u00e9lectrique<\/strong> survient dans le local technique de la cuisine. L\u2019incendie se d\u00e9clare en pleine nuit, heureusement sans personnel pr\u00e9sent. Alert\u00e9s par un voisin, les pompiers interviennent rapidement, mais les <strong>d\u00e9g\u00e2ts sont consid\u00e9rables<\/strong> :<\/p>\n\n\n\n<ul class=\"wp-block-list\">\n<li>Cuisine totalement inutilisable<\/li>\n\n\n\n<li>Mobilier calcin\u00e9<\/li>\n\n\n\n<li>Syst\u00e8me d\u2019extraction \u00e0 refaire<\/li>\n\n\n\n<li>Stock alimentaire perdu<\/li>\n\n\n\n<li>Salles inexploitables en raison de la fum\u00e9e<\/li>\n<\/ul>\n\n\n\n<p>Le restaurant est contraint de <strong>fermer ses portes pendant plus de deux mois<\/strong>, en pleine p\u00e9riode de f\u00eates.<\/p>\n\n\n\n<hr class=\"wp-block-separator has-alpha-channel-opacity\"\/>\n\n\n\n<h2 class=\"wp-block-heading\"><strong>La r\u00e9action : d\u00e9claration de sinistre et activation de l\u2019assurance<\/strong><\/h2>\n\n\n\n<p>D\u00e8s le lendemain, le g\u00e9rant contacte son courtier. Gr\u00e2ce \u00e0 la <strong>clart\u00e9 de son contrat<\/strong> et au support<strong> d\u00e9di\u00e9<\/strong>, les d\u00e9marches sont fluides et rapides :<\/p>\n\n\n\n<ol class=\"wp-block-list\">\n<li><strong>D\u00e9claration officielle du sinistre<\/strong> avec photos, vid\u00e9os et rapport des pompiers<\/li>\n\n\n\n<li><strong>Expertise missionn\u00e9e dans les 72 heures<\/strong><\/li>\n\n\n\n<li><strong>Estimation des pertes mat\u00e9rielles et immat\u00e9rielles<\/strong><\/li>\n\n\n\n<li><strong>Mise en place d\u2019une avance de tr\u00e9sorerie<\/strong> pour g\u00e9rer les urgences<\/li>\n<\/ol>\n\n\n\n<p>Le contrat comportait une clause de <strong>perte d\u2019exploitation<\/strong>, qui a permis au g\u00e9rant de <strong>recevoir une indemnisation mensuelle<\/strong> pour compenser la baisse de chiffre d\u2019affaires. Les travaux de remise en \u00e9tat ont \u00e9t\u00e9 pris en charge \u00e0 hauteur de 80 %, et une aide \u00e0 la r\u00e9ouverture a \u00e9galement \u00e9t\u00e9 d\u00e9bloqu\u00e9e.<\/p>\n\n\n\n<hr class=\"wp-block-separator has-alpha-channel-opacity\"\/>\n\n\n\n<h2 class=\"wp-block-heading\"><strong>Les cons\u00e9quences \u00e9vit\u00e9es gr\u00e2ce \u00e0 l\u2019assurance<\/strong><\/h2>\n\n\n\n<p>Sans cette couverture, le bistrot aurait sans doute d\u00fb <strong>mettre la cl\u00e9 sous la porte<\/strong>. Voici ce que l\u2019assurance a permis d\u2019\u00e9viter :<\/p>\n\n\n\n<figure class=\"wp-block-image size-large\"><img loading=\"lazy\" decoding=\"async\" width=\"1024\" height=\"576\" src=\"https:\/\/www.samcopro-assurance.fr\/wp-content\/uploads\/2025\/06\/66b21709194290eb216e0607_643989043-3-1024x576.jpg\" alt=\"Courtier d'assurance, conseillant son client sur les d\u00e9tails de son contrat d'assurance professionnelle\" class=\"wp-image-533\" srcset=\"https:\/\/www.samcopro-assurance.fr\/wp-content\/uploads\/2025\/06\/66b21709194290eb216e0607_643989043-3-980x551.jpg 980w, https:\/\/www.samcopro-assurance.fr\/wp-content\/uploads\/2025\/06\/66b21709194290eb216e0607_643989043-3-480x270.jpg 480w\" sizes=\"(min-width: 0px) and (max-width: 480px) 480px, (min-width: 481px) and (max-width: 980px) 980px, (min-width: 981px) 1024px, 100vw\" \/><\/figure>\n\n\n\n<ul class=\"wp-block-list\">\n<li><strong>Licenciements \u00e9conomiques<\/strong> du personnel<\/li>\n\n\n\n<li><strong>Endettement suppl\u00e9mentaire<\/strong> pour couvrir les r\u00e9parations<\/li>\n\n\n\n<li><strong>Fermeture d\u00e9finitive<\/strong> \u00e0 cause de la perte d\u2019activit\u00e9<\/li>\n\n\n\n<li>Perte de confiance des fournisseurs et des clients<\/li>\n<\/ul>\n\n\n\n<p>Gr\u00e2ce \u00e0 l\u2019intervention rapide de son courtier, le restaurant a pu <strong>r\u00e9ouvrir d\u00e9but janvier 2024<\/strong>, avec une cuisine enti\u00e8rement neuve et un regain de notori\u00e9t\u00e9 dans le quartier.<\/p>\n\n\n\n<hr class=\"wp-block-separator has-alpha-channel-opacity\"\/>\n\n\n\n<h2 class=\"wp-block-heading\"><strong>Les enseignements de cette \u00e9tude de cas en restauration<\/strong><\/h2>\n\n\n\n<h3 class=\"wp-block-heading\"><strong>1. Anticiper les risques r\u00e9els<\/strong><\/h3>\n\n\n\n<p>Les sinistres dans la restauration ne sont pas des cas isol\u00e9s. Incendie, intoxication, casse mat\u00e9riel, panne \u00e9lectrique\u2026 Les risques sont <strong>nombreux et fr\u00e9quents<\/strong>.<\/p>\n\n\n\n<blockquote class=\"wp-block-quote is-layout-flow wp-block-quote-is-layout-flow\">\n<p>Une bonne assurance, c\u2019est avant tout une <strong>analyse pr\u00e9cise de l\u2019activit\u00e9<\/strong> : superficie du local, type de mat\u00e9riel, nombre d\u2019employ\u00e9s, volume d\u2019activit\u00e9, etc.<\/p>\n<\/blockquote>\n\n\n\n<h3 class=\"wp-block-heading\"><strong>2. Choisir une assurance adapt\u00e9e au secteur de la restauration<\/strong><\/h3>\n\n\n\n<p>Toutes les assurances professionnelles ne couvrent pas les m\u00eames risques. Il est indispensable d\u2019avoir un contrat qui inclut :<\/p>\n\n\n\n<ul class=\"wp-block-list\">\n<li>Les dommages mat\u00e9riels<\/li>\n\n\n\n<li>La perte d\u2019exploitation<\/li>\n\n\n\n<li>La RC pour les dommages caus\u00e9s \u00e0 des clients (ex. : intoxication alimentaire)<\/li>\n\n\n\n<li>Une protection juridique pour g\u00e9rer les litiges fournisseurs<\/li>\n<\/ul>\n\n\n\n<p>SAMCO-PRO propose des <strong>formules sp\u00e9cifiques pour les m\u00e9tiers de bouche<\/strong>, avec des garanties sur-mesure.<\/p>\n\n\n\n<h3 class=\"wp-block-heading\"><strong>3. Ne pas n\u00e9gliger les clauses \u201ctechniques\u201d<\/strong><\/h3>\n\n\n\n<p>Certaines clauses font toute la diff\u00e9rence. Dans ce cas pr\u00e9cis, la <strong>prise en charge du mat\u00e9riel \u00e9lectrique<\/strong> a permis un remboursement rapide. D\u2019autres clauses importantes \u00e0 v\u00e9rifier :<\/p>\n\n\n\n<ul class=\"wp-block-list\">\n<li>Franchise faible ou modulable<\/li>\n\n\n\n<li>D\u00e9lai de carence r\u00e9duit<\/li>\n\n\n\n<li>Remboursement \u00e0 valeur \u00e0 neuf du mat\u00e9riel<\/li>\n\n\n\n<li>Garantie sur les pertes indirectes<\/li>\n<\/ul>\n\n\n\n<h3 class=\"wp-block-heading\"><strong>4. \u00catre accompagn\u00e9 par un expert assurance<\/strong><\/h3>\n\n\n\n<p>Le r\u00f4le d\u2019un <strong>courtier ou conseiller sp\u00e9cialis\u00e9<\/strong>, comme ceux de SAMCO-PRO, est crucial. Il vous aide \u00e0 :<\/p>\n\n\n\n<ul class=\"wp-block-list\">\n<li>Comprendre votre contrat<\/li>\n\n\n\n<li>Choisir les bonnes garanties<\/li>\n\n\n\n<li>G\u00e9rer les formalit\u00e9s en cas de sinistre<\/li>\n\n\n\n<li>Acc\u00e9l\u00e9rer l\u2019indemnisation<\/li>\n<\/ul>\n","protected":false},"excerpt":{"rendered":"<p>Introduction Le secteur de la restauration est l\u2019un des plus dynamiques\u2026 mais aussi des plus expos\u00e9s aux risques. Entre incendies de cuisine, intoxications alimentaires, d\u00e9g\u00e2ts des eaux ou encore litiges avec des fournisseurs, les restaurateurs ne sont jamais \u00e0 l\u2019abri. Dans cet exemple concret d\u2019\u00e9tude de cas en restauration, nous vous racontons comment un restaurant [&hellip;]<\/p>\n","protected":false},"author":3,"featured_media":0,"comment_status":"open","ping_status":"open","sticky":false,"template":"","format":"standard","meta":{"_et_pb_use_builder":"off","_et_pb_old_content":"","_et_gb_content_width":"","footnotes":""},"categories":[1],"tags":[],"class_list":["post-531","post","type-post","status-publish","format-standard","hentry","category-uncategorized"],"_links":{"self":[{"href":"https:\/\/www.samcopro-assurance.fr\/index.php?rest_route=\/wp\/v2\/posts\/531","targetHints":{"allow":["GET"]}}],"collection":[{"href":"https:\/\/www.samcopro-assurance.fr\/index.php?rest_route=\/wp\/v2\/posts"}],"about":[{"href":"https:\/\/www.samcopro-assurance.fr\/index.php?rest_route=\/wp\/v2\/types\/post"}],"author":[{"embeddable":true,"href":"https:\/\/www.samcopro-assurance.fr\/index.php?rest_route=\/wp\/v2\/users\/3"}],"replies":[{"embeddable":true,"href":"https:\/\/www.samcopro-assurance.fr\/index.php?rest_route=%2Fwp%2Fv2%2Fcomments&post=531"}],"version-history":[{"count":1,"href":"https:\/\/www.samcopro-assurance.fr\/index.php?rest_route=\/wp\/v2\/posts\/531\/revisions"}],"predecessor-version":[{"id":534,"href":"https:\/\/www.samcopro-assurance.fr\/index.php?rest_route=\/wp\/v2\/posts\/531\/revisions\/534"}],"wp:attachment":[{"href":"https:\/\/www.samcopro-assurance.fr\/index.php?rest_route=%2Fwp%2Fv2%2Fmedia&parent=531"}],"wp:term":[{"taxonomy":"category","embeddable":true,"href":"https:\/\/www.samcopro-assurance.fr\/index.php?rest_route=%2Fwp%2Fv2%2Fcategories&post=531"},{"taxonomy":"post_tag","embeddable":true,"href":"https:\/\/www.samcopro-assurance.fr\/index.php?rest_route=%2Fwp%2Fv2%2Ftags&post=531"}],"curies":[{"name":"wp","href":"https:\/\/api.w.org\/{rel}","templated":true}]}}