{"id":540,"date":"2025-06-06T09:37:19","date_gmt":"2025-06-06T09:37:19","guid":{"rendered":"https:\/\/www.samcopro-assurance.fr\/?p=540"},"modified":"2025-06-06T09:40:47","modified_gmt":"2025-06-06T09:40:47","slug":"assurance-locaux-pourquoi-cest-essentiel","status":"publish","type":"post","link":"https:\/\/www.samcopro-assurance.fr\/?p=540","title":{"rendered":"Assurance locaux : Pourquoi c\u2019est essentiel ?"},"content":{"rendered":"\n<h2 class=\"wp-block-heading\"><strong>Introduction<\/strong><\/h2>\n\n\n\n<p>Quand on lance ou d\u00e9veloppe une activit\u00e9, l\u2019assurance des locaux professionnels est souvent rel\u00e9gu\u00e9e au second plan, loin derri\u00e8re les aspects commerciaux, RH ou financiers. Et pourtant, les murs qui abritent votre activit\u00e9 \u2013 qu\u2019il s\u2019agisse d\u2019un bureau, d\u2019un atelier, d\u2019une boutique ou m\u00eame d\u2019un entrep\u00f4t \u2013 sont <strong>des actifs cl\u00e9s<\/strong> de votre entreprise. Les n\u00e9gliger, c\u2019est exposer son activit\u00e9 \u00e0 des risques majeurs : incendie, d\u00e9g\u00e2t des eaux, vol, vandalisme\u2026 Autant d\u2019\u00e9v\u00e9nements qui peuvent paralyser temporairement ou d\u00e9finitivement votre activit\u00e9. Dans cet article, nous allons explorer pourquoi <strong>l\u2019assurance des locaux professionnels<\/strong> est non seulement utile, mais <strong>fondamentale<\/strong>, pour tout entrepreneur soucieux de la p\u00e9rennit\u00e9 de son entreprise.<\/p>\n\n\n\n<hr class=\"wp-block-separator has-alpha-channel-opacity\"\/>\n\n\n\n<h2 class=\"wp-block-heading\"><strong><a href=\"https:\/\/www.samcopro-assurance.fr\/?page_id=428\" data-type=\"link\" data-id=\"https:\/\/www.samcopro-assurance.fr\/?page_id=428\">Assurance locaux<\/a> professionnels : de quoi parle-t-on exactement ?<\/strong><\/h2>\n\n\n\n<p>L\u2019assurance locaux professionnels est un contrat con\u00e7u pour prot\u00e9ger les biens immobiliers utilis\u00e9s dans le cadre d\u2019une activit\u00e9 \u00e9conomique. Cela concerne aussi bien le b\u00e2timent lui-m\u00eame (si vous en \u00eates propri\u00e9taire), que le local lou\u00e9 ou utilis\u00e9 dans le cadre de votre activit\u00e9. Elle permet de couvrir les d\u00e9g\u00e2ts caus\u00e9s \u00e0 l\u2019immobilier, mais aussi parfois au contenu (mobilier, mat\u00e9riel, stock).<\/p>\n\n\n\n<p>Cette assurance peut prendre la forme d\u2019un contrat unique (souvent appel\u00e9 <strong>multirisque professionnelle<\/strong>) ou s\u2019inscrire dans un <strong>pack d\u2019assurances pro<\/strong> plus global incluant \u00e9galement la responsabilit\u00e9 civile, la perte d\u2019exploitation, ou la protection juridique.<\/p>\n\n\n\n<p>Elle s\u2019adresse \u00e0 tous les types de professionnels : artisans, commer\u00e7ants, professions lib\u00e9rales, start-ups, freelances avec bureau, entreprises industrielles\u2026 M\u00eame les associations ou les autoentrepreneurs sont concern\u00e9s d\u00e8s lors qu\u2019ils exercent dans un local identifi\u00e9.<\/p>\n\n\n\n<figure class=\"wp-block-image size-full is-resized\"><img loading=\"lazy\" decoding=\"async\" width=\"1024\" height=\"683\" src=\"https:\/\/www.samcopro-assurance.fr\/wp-content\/uploads\/2025\/06\/office-1209640_1920-1024x683-1194363705-1.jpg\" alt=\"\" class=\"wp-image-542\" style=\"width:687px;height:auto\" srcset=\"https:\/\/www.samcopro-assurance.fr\/wp-content\/uploads\/2025\/06\/office-1209640_1920-1024x683-1194363705-1.jpg 1024w, https:\/\/www.samcopro-assurance.fr\/wp-content\/uploads\/2025\/06\/office-1209640_1920-1024x683-1194363705-1-980x654.jpg 980w, https:\/\/www.samcopro-assurance.fr\/wp-content\/uploads\/2025\/06\/office-1209640_1920-1024x683-1194363705-1-480x320.jpg 480w\" sizes=\"(min-width: 0px) and (max-width: 480px) 480px, (min-width: 481px) and (max-width: 980px) 980px, (min-width: 981px) 1024px, 100vw\" \/><\/figure>\n\n\n\n<hr class=\"wp-block-separator has-alpha-channel-opacity\"\/>\n\n\n\n<h2 class=\"wp-block-heading\"><strong>Quels sont les risques couverts par une assurance locaux ?<\/strong><\/h2>\n\n\n\n<p>Les sinistres les plus fr\u00e9quents en entreprise concernent justement\u2026 les locaux ! Sans assurance adapt\u00e9e, les cons\u00e9quences peuvent \u00eatre d\u00e9vastatrices.<\/p>\n\n\n\n<p>Voici les principaux <strong>risques couverts<\/strong> par ce type de contrat :<\/p>\n\n\n\n<ul class=\"wp-block-list\">\n<li><strong>Incendie ou explosion<\/strong> : un court-circuit \u00e9lectrique, une d\u00e9faillance d\u2019\u00e9quipement ou une cause externe peut d\u00e9clencher un incendie qui ravage tout votre espace de travail.<\/li>\n\n\n\n<li><strong>D\u00e9g\u00e2ts des eaux<\/strong> : fuite, infiltration, canalisation gel\u00e9e\u2026 Ces dommages sont fr\u00e9quents, co\u00fbteux et parfois difficiles \u00e0 localiser.<\/li>\n\n\n\n<li><strong>Vol et vandalisme<\/strong> : un cambriolage peut entra\u00eener la perte de mat\u00e9riel co\u00fbteux et retarder votre activit\u00e9.<\/li>\n\n\n\n<li><strong>Catastrophes naturelles<\/strong> : selon la localisation de vos locaux, vous pouvez \u00eatre expos\u00e9 \u00e0 des inondations, temp\u00eates, tremblements de terre.<\/li>\n\n\n\n<li><strong>Bris de glace, chocs de v\u00e9hicules, actes de malveillance<\/strong> : souvent sous-estim\u00e9s, ces \u00e9v\u00e9nements peuvent entra\u00eener des r\u00e9parations imm\u00e9diates.<\/li>\n<\/ul>\n\n\n\n<p>L\u2019int\u00e9r\u00eat d\u2019une <strong>assurance multirisque<\/strong> est d\u2019offrir une couverture globale, tant sur l\u2019enveloppe du b\u00e2timent que sur les \u00e9quipements, installations \u00e9lectriques, informatique, ou mobiliers.<\/p>\n\n\n\n<hr class=\"wp-block-separator has-alpha-channel-opacity\"\/>\n\n\n\n<h2 class=\"wp-block-heading\"><strong>Est-ce obligatoire de souscrire une assurance locaux ?<\/strong><\/h2>\n\n\n\n<p>La r\u00e9ponse d\u00e9pend de votre <strong>statut et de votre contrat de bail<\/strong>. Pour un locataire professionnel, <strong>l\u2019assurance des locaux est souvent exig\u00e9e par le propri\u00e9taire<\/strong>. On parle alors d\u2019<strong>obligation locative d\u2019assurance<\/strong>, notamment pour les risques locatifs (incendie, d\u00e9g\u00e2t des eaux, explosion).<\/p>\n\n\n\n<p>Mais m\u00eame lorsque cela n\u2019est pas une obligation l\u00e9gale, c\u2019est une <strong>n\u00e9cessit\u00e9 \u00e9conomique<\/strong>. Pourquoi ? Parce que l\u2019entreprise, m\u00eame locataire, est <strong>responsable des dommages qu\u2019elle peut causer au local<\/strong>. De plus, les biens contenus dans les locaux (ordinateurs, stocks, machines) ne sont <strong>pas couverts par l\u2019assurance du propri\u00e9taire<\/strong>.<\/p>\n\n\n\n<p>Si vous \u00eates propri\u00e9taire de vos murs, la souscription d\u2019une assurance devient d\u2019autant plus strat\u00e9gique : elle vous prot\u00e8ge aussi contre les pertes financi\u00e8res li\u00e9es aux d\u00e9gradations ou \u00e0 l\u2019inexploitabilit\u00e9 des lieux.<\/p>\n\n\n\n<hr class=\"wp-block-separator has-alpha-channel-opacity\"\/>\n\n\n\n<h2 class=\"wp-block-heading\"><strong>Quel est le co\u00fbt d\u2019une assurance locaux professionnels ?<\/strong><\/h2>\n\n\n\n<p>Le co\u00fbt de cette assurance d\u00e9pend de nombreux param\u00e8tres :<\/p>\n\n\n\n<ul class=\"wp-block-list\">\n<li><strong>Surface et type de local<\/strong> : un atelier de production ne sera pas assur\u00e9 au m\u00eame prix qu\u2019un bureau d\u2019architecte.<\/li>\n\n\n\n<li><strong>Valeur du contenu<\/strong> (mobilier, \u00e9quipements, marchandises)<\/li>\n\n\n\n<li><strong>Zone g\u00e9ographique<\/strong> (exposition aux risques naturels, d\u00e9linquance\u2026)<\/li>\n\n\n\n<li><strong>Niveau de garanties souhait\u00e9es<\/strong> : couverture de base ou tout-risque, franchise, plafonds d\u2019indemnisation\u2026<\/li>\n\n\n\n<li><strong>Type d\u2019activit\u00e9 exerc\u00e9e<\/strong> : une activit\u00e9 industrielle pr\u00e9sente plus de risques qu\u2019une activit\u00e9 intellectuelle.<\/li>\n<\/ul>\n\n\n\n<p>En moyenne, le prix d\u00e9marre \u00e0 quelques centaines d\u2019euros par an pour une TPE, et peut grimper \u00e0 plusieurs milliers d\u2019euros pour des locaux industriels ou commerciaux \u00e9tendus. Mais au regard du niveau de protection apport\u00e9, il s\u2019agit d\u2019un <strong>investissement rentable et strat\u00e9gique.<\/strong><\/p>\n\n\n\n<figure class=\"wp-block-image is-resized\"><img decoding=\"async\" src=\"https:\/\/1.bp.blogspot.com\/-G5v1r260Uoo\/WJwGnjX7PLI\/AAAAAAAANk0\/CBzKnKcAySUxx35C1nOq1fZBhKv9akobQCLcB\/s1600\/blog394-4.jpg\" alt=\"https:\/\/1.bp.blogspot.com\/-G5v1r260Uoo\/WJwGnjX7PLI\/AAAAAAAANk0\/CBzKnKcAySUxx35C1nOq1fZBhKv9akobQCLcB\/s1600\/blog394-4.jpg\" style=\"width:580px;height:auto\"\/><\/figure>\n\n\n\n<hr class=\"wp-block-separator has-alpha-channel-opacity\"\/>\n\n\n\n<h2 class=\"wp-block-heading\"><strong>Que couvre (ou ne couvre pas) une assurance de locaux professionnels ?<\/strong><\/h2>\n\n\n\n<p>Il est essentiel de <strong>lire attentivement les conditions g\u00e9n\u00e9rales et particuli\u00e8res<\/strong> de votre contrat.<\/p>\n\n\n\n<h3 class=\"wp-block-heading\"><strong>Ce que couvre g\u00e9n\u00e9ralement le contrat :<\/strong><\/h3>\n\n\n\n<ul class=\"wp-block-list\">\n<li>Les dommages mat\u00e9riels aux murs, cloisons, sols, installations fixes<\/li>\n\n\n\n<li>Le contenu des locaux : meubles, mat\u00e9riel, marchandises<\/li>\n\n\n\n<li>Les pertes financi\u00e8res li\u00e9es \u00e0 l\u2019arr\u00eat temporaire d\u2019activit\u00e9<\/li>\n\n\n\n<li>Les frais de d\u00e9contamination, de relogement temporaire, de nettoyage<\/li>\n<\/ul>\n\n\n\n<h3 class=\"wp-block-heading\"><strong>Ce qui peut \u00eatre exclu :<\/strong><\/h3>\n\n\n\n<ul class=\"wp-block-list\">\n<li>Les actes de guerre, terrorisme (sauf extension)<\/li>\n\n\n\n<li>Les erreurs de construction ou de non-conformit\u00e9<\/li>\n\n\n\n<li>Les dommages caus\u00e9s par un d\u00e9faut d\u2019entretien manifeste<\/li>\n\n\n\n<li>Les objets de tr\u00e8s grande valeur sans d\u00e9claration sp\u00e9cifique<\/li>\n<\/ul>\n\n\n\n<p>C\u2019est pourquoi il est <strong>recommand\u00e9 de faire un inventaire pr\u00e9cis<\/strong> de vos biens et de d\u00e9clarer leur valeur de fa\u00e7on r\u00e9aliste. Une sous-\u00e9valuation entra\u00eene une indemnisation partielle.<\/p>\n\n\n\n<hr class=\"wp-block-separator has-alpha-channel-opacity\"\/>\n\n\n\n<h2 class=\"wp-block-heading\"><strong>Zoom sur un cas concret : d\u00e9g\u00e2t des eaux dans une boutique<\/strong><\/h2>\n\n\n\n<p>Prenons l\u2019exemple d\u2019un <strong>commer\u00e7ant lyonnais<\/strong> dont la boutique situ\u00e9e en rez-de-chauss\u00e9e est touch\u00e9e par une fuite d\u2019eau provenant de l\u2019appartement du dessus. En quelques heures, le faux plafond s\u2019effondre, les murs sont imbib\u00e9s, le stock est partiellement perdu, et le magasin est ferm\u00e9 durant deux semaines.<\/p>\n\n\n\n<p>Gr\u00e2ce \u00e0 son assurance locaux, il b\u00e9n\u00e9ficie :<\/p>\n\n\n\n<ul class=\"wp-block-list\">\n<li>Du remboursement des r\u00e9parations du plafond et des murs<\/li>\n\n\n\n<li>D\u2019une indemnisation pour le stock endommag\u00e9<\/li>\n\n\n\n<li>D\u2019une <strong>prise en charge de la perte d\u2019exploitation<\/strong> pendant la fermeture<\/li>\n\n\n\n<li>D\u2019un accompagnement administratif pour les d\u00e9marches<\/li>\n<\/ul>\n\n\n\n<p>Sans ce contrat, le commer\u00e7ant aurait d\u00fb <strong>assumer plusieurs milliers d\u2019euros de pertes<\/strong>, sans compter l\u2019impact sur la relation client et la tr\u00e9sorerie.<\/p>\n\n\n\n<hr class=\"wp-block-separator has-alpha-channel-opacity\"\/>\n\n\n\n<h2 class=\"wp-block-heading\"><strong>Conclusion<\/strong><\/h2>\n\n\n\n<p>Souscrire une <strong>assurance pour ses locaux professionnels<\/strong>, ce n\u2019est pas juste cocher une case administrative. C\u2019est <strong>prot\u00e9ger l\u2019outil m\u00eame de son activit\u00e9<\/strong>, garantir la continuit\u00e9 de son entreprise face \u00e0 l\u2019impr\u00e9vu, et \u00e9viter de lourdes pertes financi\u00e8res. Quelle que soit la taille de votre structure ou votre secteur, c\u2019est une couverture indispensable.<\/p>\n\n\n\n<p>Chez <strong>SAMCO-PRO<\/strong>, nous accompagnons les professionnels de tous horizons pour b\u00e2tir une assurance sur mesure, simple, transparente, et adapt\u00e9e \u00e0 leur activit\u00e9. Vous avez un doute sur votre couverture actuelle ? Demandez un <strong>diagnostic gratuit<\/strong> de votre contrat d\u00e8s aujourd\u2019hui.<\/p>\n","protected":false},"excerpt":{"rendered":"<p>Introduction Quand on lance ou d\u00e9veloppe une activit\u00e9, l\u2019assurance des locaux professionnels est souvent rel\u00e9gu\u00e9e au second plan, loin derri\u00e8re les aspects commerciaux, RH ou financiers. Et pourtant, les murs qui abritent votre activit\u00e9 \u2013 qu\u2019il s\u2019agisse d\u2019un bureau, d\u2019un atelier, d\u2019une boutique ou m\u00eame d\u2019un entrep\u00f4t \u2013 sont des actifs cl\u00e9s de votre entreprise. [&hellip;]<\/p>\n","protected":false},"author":3,"featured_media":0,"comment_status":"open","ping_status":"open","sticky":false,"template":"","format":"standard","meta":{"_et_pb_use_builder":"off","_et_pb_old_content":"","_et_gb_content_width":"","footnotes":""},"categories":[1],"tags":[],"class_list":["post-540","post","type-post","status-publish","format-standard","hentry","category-uncategorized"],"_links":{"self":[{"href":"https:\/\/www.samcopro-assurance.fr\/index.php?rest_route=\/wp\/v2\/posts\/540","targetHints":{"allow":["GET"]}}],"collection":[{"href":"https:\/\/www.samcopro-assurance.fr\/index.php?rest_route=\/wp\/v2\/posts"}],"about":[{"href":"https:\/\/www.samcopro-assurance.fr\/index.php?rest_route=\/wp\/v2\/types\/post"}],"author":[{"embeddable":true,"href":"https:\/\/www.samcopro-assurance.fr\/index.php?rest_route=\/wp\/v2\/users\/3"}],"replies":[{"embeddable":true,"href":"https:\/\/www.samcopro-assurance.fr\/index.php?rest_route=%2Fwp%2Fv2%2Fcomments&post=540"}],"version-history":[{"count":1,"href":"https:\/\/www.samcopro-assurance.fr\/index.php?rest_route=\/wp\/v2\/posts\/540\/revisions"}],"predecessor-version":[{"id":544,"href":"https:\/\/www.samcopro-assurance.fr\/index.php?rest_route=\/wp\/v2\/posts\/540\/revisions\/544"}],"wp:attachment":[{"href":"https:\/\/www.samcopro-assurance.fr\/index.php?rest_route=%2Fwp%2Fv2%2Fmedia&parent=540"}],"wp:term":[{"taxonomy":"category","embeddable":true,"href":"https:\/\/www.samcopro-assurance.fr\/index.php?rest_route=%2Fwp%2Fv2%2Fcategories&post=540"},{"taxonomy":"post_tag","embeddable":true,"href":"https:\/\/www.samcopro-assurance.fr\/index.php?rest_route=%2Fwp%2Fv2%2Ftags&post=540"}],"curies":[{"name":"wp","href":"https:\/\/api.w.org\/{rel}","templated":true}]}}