{"id":547,"date":"2025-06-10T08:34:35","date_gmt":"2025-06-10T08:34:35","guid":{"rendered":"https:\/\/www.samcopro-assurance.fr\/?p=547"},"modified":"2025-06-10T08:37:02","modified_gmt":"2025-06-10T08:37:02","slug":"assurance-sante-et-prevoyance-c-est-quoi","status":"publish","type":"post","link":"https:\/\/www.samcopro-assurance.fr\/?p=547","title":{"rendered":"Assurance sant\u00e9 et pr\u00e9voyance, c\u2019est quoi ? Explication claire pour les pros"},"content":{"rendered":"\n<h2 class=\"wp-block-heading\"><strong>Introduction<\/strong><\/h2>\n\n\n\n<p>Dans l\u2019univers de la protection sociale, les termes \u00ab\u00a0assurance sant\u00e9\u00a0\u00bb et \u00ab\u00a0pr\u00e9voyance\u00a0\u00bb sont souvent entendus, mais rarement bien compris, surtout chez les professionnels, freelances et dirigeants de petites entreprises. Vous vous demandez : <strong>assurance sant\u00e9 et pr\u00e9voyance, c\u2019est quoi exactement ?<\/strong> Quelles diff\u00e9rences ? \u00c0 quoi servent-elles ? Sont-elles vraiment utiles quand on est \u00e0 son compte ? Ce guide p\u00e9dagogique sign\u00e9 SAMCO-PRO vous donne une r\u00e9ponse claire, concr\u00e8te et orient\u00e9e m\u00e9tier.<\/p>\n\n\n\n<figure class=\"wp-block-image size-large\"><img loading=\"lazy\" decoding=\"async\" width=\"1024\" height=\"540\" src=\"https:\/\/www.samcopro-assurance.fr\/wp-content\/uploads\/2025\/06\/images-1024x540.jpg\" alt=\"\" class=\"wp-image-548\" srcset=\"https:\/\/www.samcopro-assurance.fr\/wp-content\/uploads\/2025\/06\/images-1024x540.jpg 1024w, https:\/\/www.samcopro-assurance.fr\/wp-content\/uploads\/2025\/06\/images-980x517.jpg 980w, https:\/\/www.samcopro-assurance.fr\/wp-content\/uploads\/2025\/06\/images-480x253.jpg 480w\" sizes=\"(min-width: 0px) and (max-width: 480px) 480px, (min-width: 481px) and (max-width: 980px) 980px, (min-width: 981px) 1024px, 100vw\" \/><\/figure>\n\n\n\n<hr class=\"wp-block-separator has-alpha-channel-opacity\"\/>\n\n\n\n<h2 class=\"wp-block-heading\"><strong>Assurance sant\u00e9 et pr\u00e9voyance : c\u2019est quoi la diff\u00e9rence ?<\/strong><\/h2>\n\n\n\n<p>Pour faire simple, l\u2019assurance sant\u00e9 et la pr\u00e9voyance sont <strong>deux formes compl\u00e9mentaires de protection<\/strong>, mais qui couvrent des besoins bien distincts.<\/p>\n\n\n\n<h3 class=\"wp-block-heading\"><strong>L\u2019assurance sant\u00e9 professionnelle<\/strong><\/h3>\n\n\n\n<p>Elle vient <strong>en compl\u00e9ment de la S\u00e9curit\u00e9 sociale<\/strong>, en prenant en charge tout ou partie des frais de sant\u00e9 qui ne sont pas rembours\u00e9s :<\/p>\n\n\n\n<ul class=\"wp-block-list\">\n<li>Consultations m\u00e9dicales<\/li>\n\n\n\n<li>Hospitalisation<\/li>\n\n\n\n<li>M\u00e9dicaments<\/li>\n\n\n\n<li>Soins dentaires<\/li>\n\n\n\n<li>Lunettes et lentilles<\/li>\n\n\n\n<li>Parfois m\u00e9decines douces ou pr\u00e9vention<\/li>\n<\/ul>\n\n\n\n<p>En tant que professionnel, cela vous \u00e9vite de payer de votre poche des frais de sant\u00e9 parfois tr\u00e8s \u00e9lev\u00e9s. C\u2019est l\u2019\u00e9quivalent de la mutuelle\u2026 mais pens\u00e9e pour les ind\u00e9pendants, dirigeants ou petites structures.<\/p>\n\n\n\n<h3 class=\"wp-block-heading\"><strong>L\u2019assurance pr\u00e9voyance professionnelle<\/strong><\/h3>\n\n\n\n<p>Elle intervient <strong>quand un \u00e9v\u00e9nement grave vous emp\u00eache de travailler<\/strong>, comme une maladie longue, un accident ou un handicap. Elle vous permet de continuer \u00e0 vivre et faire face aux charges gr\u00e2ce \u00e0 :<\/p>\n\n\n\n<ul class=\"wp-block-list\">\n<li>Des <strong>indemnit\u00e9s journali\u00e8res<\/strong> en cas d\u2019arr\u00eat de travail<\/li>\n\n\n\n<li>Une <strong>rente d\u2019invalidit\u00e9<\/strong> si vous ne pouvez plus exercer<\/li>\n\n\n\n<li>Un <strong>capital d\u00e9c\u00e8s<\/strong> pour prot\u00e9ger vos proches<\/li>\n\n\n\n<li>D\u2019\u00e9ventuelles prestations pour vos enfants (rente \u00e9ducation)<\/li>\n<\/ul>\n\n\n\n<p>\ud83d\udc49 Ensemble, ces deux volets vous prot\u00e8gent \u00e0 la fois <strong>dans la vie quotidienne (sant\u00e9)<\/strong> et <strong>face aux al\u00e9as majeurs (pr\u00e9voyance).<\/strong><\/p>\n\n\n\n<hr class=\"wp-block-separator has-alpha-channel-opacity\"\/>\n\n\n\n<h2 class=\"wp-block-heading\"><strong>\u00c0 qui s\u2019adresse l\u2019assurance sant\u00e9 et pr\u00e9voyance ?<\/strong><\/h2>\n\n\n\n<p>Cette assurance concerne <strong>tous les professionnels<\/strong> expos\u00e9s \u00e0 un risque de perte de revenu li\u00e9 \u00e0 leur sant\u00e9. Cela inclut :<\/p>\n\n\n\n<ul class=\"wp-block-list\">\n<li><strong>Les ind\u00e9pendants<\/strong> : autoentrepreneurs, freelances, professions lib\u00e9rales (consultants, architectes, avocats\u2026)<\/li>\n\n\n\n<li><strong>Les dirigeants de soci\u00e9t\u00e9s<\/strong> : g\u00e9rants de SARL, SASU, commer\u00e7ants, artisans<\/li>\n\n\n\n<li><strong>Les petites entreprises<\/strong> qui veulent prot\u00e9ger leur personnel-cl\u00e9<\/li>\n\n\n\n<li><strong>Les professions \u00e0 risque<\/strong> (transport, b\u00e2timent, m\u00e9dical\u2026)<\/li>\n\n\n\n<li>M\u00eame <strong>les salari\u00e9s non couverts par une mutuelle collective<\/strong> dans certains cas<\/li>\n<\/ul>\n\n\n\n<p>Bref, si votre capacit\u00e9 \u00e0 g\u00e9n\u00e9rer des revenus d\u00e9pend directement de <strong>votre pr\u00e9sence et de votre forme physique<\/strong>, alors vous \u00eates concern\u00e9.<\/p>\n\n\n\n<hr class=\"wp-block-separator has-alpha-channel-opacity\"\/>\n\n\n\n<h2 class=\"wp-block-heading\"><strong>Pourquoi c\u2019est essentiel ?<\/strong><\/h2>\n\n\n\n<p>Beaucoup de pros pensent \u00e0 tort que \u201c\u00e7a n\u2019arrive qu\u2019aux autres\u201d. Pourtant, un arr\u00eat de travail peut arriver \u00e0 tout moment, m\u00eame temporaire. Sans couverture pr\u00e9voyance, vous vous exposez \u00e0 :<\/p>\n\n\n\n<ul class=\"wp-block-list\">\n<li><strong>Z\u00e9ro revenu<\/strong> pendant votre arr\u00eat<\/li>\n\n\n\n<li>Des charges fixes (loyer, abonnements pro, cr\u00e9dit) qui continuent<\/li>\n\n\n\n<li>Un <strong>trou de tr\u00e9sorerie<\/strong> mena\u00e7ant la survie de votre activit\u00e9<\/li>\n\n\n\n<li>Des soins co\u00fbteux non rembours\u00e9s \u00e0 100 %<\/li>\n<\/ul>\n\n\n\n<p>Avec une assurance sant\u00e9 et pr\u00e9voyance bien calibr\u00e9e, vous s\u00e9curisez votre <strong>niveau de vie<\/strong>, votre <strong>entreprise<\/strong> et la <strong>tranquillit\u00e9 de vos proches<\/strong>.<\/p>\n\n\n\n<hr class=\"wp-block-separator has-alpha-channel-opacity\"\/>\n\n\n\n<h2 class=\"wp-block-heading\"><strong>Assurance sant\u00e9 et pr\u00e9voyance, c\u2019est quoi en pratique ?<\/strong><\/h2>\n\n\n\n<p>Prenons un exemple concret :<\/p>\n\n\n\n<blockquote class=\"wp-block-quote is-layout-flow wp-block-quote-is-layout-flow\">\n<p>Julie, 41 ans, est d\u00e9coratrice d\u2019int\u00e9rieur \u00e0 son compte \u00e0 Lyon. Elle tombe gravement malade et doit cesser toute activit\u00e9 pendant trois mois.<\/p>\n<\/blockquote>\n\n\n\n<figure class=\"wp-block-image size-large is-resized\"><img loading=\"lazy\" decoding=\"async\" width=\"1024\" height=\"683\" src=\"https:\/\/www.samcopro-assurance.fr\/wp-content\/uploads\/2025\/06\/images-1-1024x683.jpg\" alt=\"Julie, la d\u00e9coratrice d'int\u00e9rieur, couverte par l'assurance pr\u00e9voyance\" class=\"wp-image-549\" style=\"width:634px;height:auto\" srcset=\"https:\/\/www.samcopro-assurance.fr\/wp-content\/uploads\/2025\/06\/images-1-980x653.jpg 980w, https:\/\/www.samcopro-assurance.fr\/wp-content\/uploads\/2025\/06\/images-1-480x320.jpg 480w\" sizes=\"(min-width: 0px) and (max-width: 480px) 480px, (min-width: 481px) and (max-width: 980px) 980px, (min-width: 981px) 1024px, 100vw\" \/><\/figure>\n\n\n\n<p><strong>Sans assurance pr\u00e9voyance<\/strong> :<\/p>\n\n\n\n<ul class=\"wp-block-list\">\n<li>Aucun revenu<\/li>\n\n\n\n<li>Charges professionnelles et personnelles non couvertes<\/li>\n\n\n\n<li>Impact fort sur sa tr\u00e9sorerie et perte de clients<\/li>\n<\/ul>\n\n\n\n<p><strong>Avec une assurance sant\u00e9 + pr\u00e9voyance SAMCO-PRO<\/strong> :<\/p>\n\n\n\n<ul class=\"wp-block-list\">\n<li>Ses soins sont pris en charge \u00e0 100 %<\/li>\n\n\n\n<li>Elle per\u00e7oit <strong>80 \u20ac par jour d\u2019arr\u00eat<\/strong><\/li>\n\n\n\n<li>Elle peut maintenir son activit\u00e9 en ligne avec l\u2019aide d\u2019un assistant temporaire<\/li>\n\n\n\n<li>Elle se remet plus vite, sans stress<\/li>\n<\/ul>\n\n\n\n<p>C\u2019est \u00e7a, <strong>le pouvoir d\u2019une couverture bien pens\u00e9e.<\/strong><\/p>\n\n\n\n<hr class=\"wp-block-separator has-alpha-channel-opacity\"\/>\n\n\n\n<h2 class=\"wp-block-heading\"><strong>Combien \u00e7a co\u00fbte ?<\/strong><\/h2>\n\n\n\n<p>Les tarifs varient en fonction de :<\/p>\n\n\n\n<ul class=\"wp-block-list\">\n<li>Votre \u00e2ge<\/li>\n\n\n\n<li>Votre profession<\/li>\n\n\n\n<li>Votre r\u00e9gime social (TNS ou assimil\u00e9 salari\u00e9)<\/li>\n\n\n\n<li>Vos revenus<\/li>\n\n\n\n<li>Le niveau de garanties choisi<\/li>\n<\/ul>\n\n\n\n<p>Mais <strong>les cotisations sont souvent d\u00e9ductibles de vos imp\u00f4ts<\/strong>, notamment avec la <strong>loi Madelin<\/strong> pour les ind\u00e9pendants. Vous prot\u00e9gez votre avenir <strong>sans alourdir vos charges fiscales<\/strong>.<\/p>\n\n\n\n<hr class=\"wp-block-separator has-alpha-channel-opacity\"\/>\n\n\n\n<h2 class=\"wp-block-heading\"><strong>Comment choisir la bonne formule ?<\/strong><\/h2>\n\n\n\n<h3 class=\"wp-block-heading\">Voici nos conseils pro :<\/h3>\n\n\n\n<ul class=\"wp-block-list\">\n<li><strong>\u00c9valuez vos besoins r\u00e9els<\/strong> : d\u00e9penses de sant\u00e9, niveau de vie, charges fixes<\/li>\n\n\n\n<li><strong>Privil\u00e9giez les contrats souples et personnalisables<\/strong><\/li>\n\n\n\n<li><strong>Fuyez les d\u00e9lais de carence trop longs<\/strong><\/li>\n\n\n\n<li><strong>Optez pour un assureur sp\u00e9cialis\u00e9 dans votre secteur<\/strong><\/li>\n\n\n\n<li><strong>Ne regardez pas que le prix : regardez la qualit\u00e9 du service, l\u2019efficacit\u00e9 des remboursements, la transparence du contrat<\/strong><\/li>\n<\/ul>\n\n\n\n<p>Chez SAMCO-PRO, nous vous accompagnons avec une <strong>analyse gratuite de vos risques<\/strong>, pour vous recommander <strong>une solution sur mesure<\/strong>, claire, \u00e9volutive, et align\u00e9e avec votre r\u00e9alit\u00e9 de terrain.<\/p>\n\n\n\n<hr class=\"wp-block-separator has-alpha-channel-opacity\"\/>\n\n\n\n<h2 class=\"wp-block-heading\"><strong>Conclusion<\/strong><\/h2>\n\n\n\n<p>Alors, <strong>assurance sant\u00e9 et pr\u00e9voyance, c\u2019est quoi ?<\/strong> C\u2019est tout simplement <strong>la base de votre s\u00e9curit\u00e9 professionnelle et personnelle<\/strong>. En tant qu\u2019ind\u00e9pendant ou dirigeant, vous \u00eates votre propre ressource. Vous assurer, c\u2019est pr\u00e9server votre capacit\u00e9 \u00e0 entreprendre, \u00e0 encaisser les coups durs, et \u00e0 avancer sans mettre en p\u00e9ril tout ce que vous avez construit.<\/p>\n\n\n\n<p>N\u2019attendez pas d\u2019\u00eatre confront\u00e9 \u00e0 un impr\u00e9vu. Une bonne couverture n\u2019est pas un luxe, c\u2019est un <strong>acte de gestion responsable.<\/strong><\/p>\n","protected":false},"excerpt":{"rendered":"<p>Introduction Dans l\u2019univers de la protection sociale, les termes \u00ab\u00a0assurance sant\u00e9\u00a0\u00bb et \u00ab\u00a0pr\u00e9voyance\u00a0\u00bb sont souvent entendus, mais rarement bien compris, surtout chez les professionnels, freelances et dirigeants de petites entreprises. Vous vous demandez : assurance sant\u00e9 et pr\u00e9voyance, c\u2019est quoi exactement ? Quelles diff\u00e9rences ? \u00c0 quoi servent-elles ? Sont-elles vraiment utiles quand on est [&hellip;]<\/p>\n","protected":false},"author":3,"featured_media":0,"comment_status":"open","ping_status":"open","sticky":false,"template":"","format":"standard","meta":{"_et_pb_use_builder":"off","_et_pb_old_content":"","_et_gb_content_width":"","footnotes":""},"categories":[1],"tags":[],"class_list":["post-547","post","type-post","status-publish","format-standard","hentry","category-uncategorized"],"_links":{"self":[{"href":"https:\/\/www.samcopro-assurance.fr\/index.php?rest_route=\/wp\/v2\/posts\/547","targetHints":{"allow":["GET"]}}],"collection":[{"href":"https:\/\/www.samcopro-assurance.fr\/index.php?rest_route=\/wp\/v2\/posts"}],"about":[{"href":"https:\/\/www.samcopro-assurance.fr\/index.php?rest_route=\/wp\/v2\/types\/post"}],"author":[{"embeddable":true,"href":"https:\/\/www.samcopro-assurance.fr\/index.php?rest_route=\/wp\/v2\/users\/3"}],"replies":[{"embeddable":true,"href":"https:\/\/www.samcopro-assurance.fr\/index.php?rest_route=%2Fwp%2Fv2%2Fcomments&post=547"}],"version-history":[{"count":1,"href":"https:\/\/www.samcopro-assurance.fr\/index.php?rest_route=\/wp\/v2\/posts\/547\/revisions"}],"predecessor-version":[{"id":550,"href":"https:\/\/www.samcopro-assurance.fr\/index.php?rest_route=\/wp\/v2\/posts\/547\/revisions\/550"}],"wp:attachment":[{"href":"https:\/\/www.samcopro-assurance.fr\/index.php?rest_route=%2Fwp%2Fv2%2Fmedia&parent=547"}],"wp:term":[{"taxonomy":"category","embeddable":true,"href":"https:\/\/www.samcopro-assurance.fr\/index.php?rest_route=%2Fwp%2Fv2%2Fcategories&post=547"},{"taxonomy":"post_tag","embeddable":true,"href":"https:\/\/www.samcopro-assurance.fr\/index.php?rest_route=%2Fwp%2Fv2%2Ftags&post=547"}],"curies":[{"name":"wp","href":"https:\/\/api.w.org\/{rel}","templated":true}]}}