{"id":555,"date":"2025-07-22T00:40:00","date_gmt":"2025-07-22T00:40:00","guid":{"rendered":"https:\/\/www.samcopro-assurance.fr\/?p=555"},"modified":"2025-06-23T07:42:09","modified_gmt":"2025-06-23T07:42:09","slug":"rc-pro","status":"publish","type":"post","link":"https:\/\/www.samcopro-assurance.fr\/?p=555","title":{"rendered":"RC Pro, c\u2019est quoi ? Le guide complet pour tout comprendre"},"content":{"rendered":"\n<h2 class=\"wp-block-heading\"><strong>Introduction<\/strong><\/h2>\n\n\n\n<p>Dans le monde professionnel, on entend souvent parler de <strong>\u201cRC Pro\u201d<\/strong>, surtout lorsqu\u2019on monte son entreprise, qu\u2019on devient ind\u00e9pendant, ou qu\u2019on exerce une activit\u00e9 r\u00e9glement\u00e9e. Mais en pratique, peu de professionnels savent r\u00e9ellement <strong>ce que signifie RC Pro, c\u2019est quoi exactement<\/strong>, ce que \u00e7a couvre, et si c\u2019est vraiment utile, voire obligatoire.<\/p>\n\n\n\n<p>Pourtant, une erreur dans une prestation, un d\u00e9faut de conseil, un dommage caus\u00e9 chez un client ou un oubli dans un livrable peuvent rapidement se transformer en <strong>litige co\u00fbteux<\/strong>. Dans tous ces cas, la <strong>Responsabilit\u00e9 Civile Professionnelle<\/strong> \u2013 RC Pro \u2013 est l\u00e0 pour prot\u00e9ger votre activit\u00e9.<\/p>\n\n\n\n<p>Dans cet article clair et d\u00e9taill\u00e9, <strong>SAMCO-PRO<\/strong> vous explique <strong>ce qu\u2019est la RC Pro, comment elle fonctionne<\/strong>, qui est concern\u00e9, et pourquoi elle est <strong>indispensable<\/strong> dans la grande majorit\u00e9 des m\u00e9tiers.<\/p>\n\n\n\n<hr class=\"wp-block-separator has-alpha-channel-opacity\"\/>\n\n\n\n<h2 class=\"wp-block-heading\"><strong>RC Pro, c\u2019est quoi exactement ?<\/strong><\/h2>\n\n\n\n<p>La <strong>Responsabilit\u00e9 Civile Professionnelle<\/strong> (RC Pro) est une assurance qui couvre <strong>les dommages caus\u00e9s \u00e0 des tiers<\/strong> dans le cadre de l\u2019exercice de votre activit\u00e9 professionnelle. Elle vous prot\u00e8ge lorsque, suite \u00e0 une erreur, une faute, une n\u00e9gligence ou une omission, un client ou un tiers subit un pr\u00e9judice et r\u00e9clame une indemnisation.<\/p>\n\n\n\n<h3 class=\"wp-block-heading\"><strong>Elle couvre notamment :<\/strong><\/h3>\n\n\n\n<ul class=\"wp-block-list\">\n<li>Les <strong>dommages mat\u00e9riels<\/strong> (ex. : vous cassez un \u00e9quipement chez un client)<\/li>\n\n\n\n<li>Les <strong>dommages immat\u00e9riels<\/strong> (ex. : un bug dans votre logiciel provoque une perte de chiffre d\u2019affaires chez votre client)<\/li>\n\n\n\n<li>Les <strong>dommages corporels<\/strong> (ex. : un client se blesse dans vos locaux ou \u00e0 cause de votre produit)<\/li>\n<\/ul>\n\n\n\n<p>La RC Pro prend en charge les <strong>frais de d\u00e9fense juridique<\/strong>, les <strong>indemnisations<\/strong>, et parfois m\u00eame les frais d\u2019expertise ou de m\u00e9diation.<\/p>\n\n\n\n<hr class=\"wp-block-separator has-alpha-channel-opacity\"\/>\n\n\n\n<h2 class=\"wp-block-heading\"><strong>Pourquoi souscrire une RC Pro ?<\/strong><\/h2>\n\n\n\n<p>M\u00eame si vous \u00eates rigoureux, comp\u00e9tent et prudent, <strong>le risque z\u00e9ro n\u2019existe pas<\/strong>. Une simple faute involontaire peut co\u00fbter des milliers d\u2019euros. La RC Pro vous \u00e9vite de devoir payer ces sommes <strong>de votre poche<\/strong>, ce qui pourrait mettre en p\u00e9ril votre activit\u00e9, voire votre patrimoine personnel si vous \u00eates en entreprise individuelle.<\/p>\n\n\n\n<p>Voici quelques <strong>exemples concrets<\/strong> :<\/p>\n\n\n\n<ul class=\"wp-block-list\">\n<li>Un graphiste envoie par erreur une maquette avec un visuel non libre de droits, le client est poursuivi pour contrefa\u00e7on<\/li>\n\n\n\n<li>Un consultant donne un mauvais conseil strat\u00e9gique, entra\u00eenant une perte importante pour l\u2019entreprise cliente<\/li>\n\n\n\n<li>Un artisan endommage un mur porteur chez un client pendant des travaux<\/li>\n<\/ul>\n\n\n\n<p>Dans ces cas, la responsabilit\u00e9 du professionnel est engag\u00e9e, et la <strong>RC Pro permet d\u2019indemniser le client<\/strong> tout en prot\u00e9geant l\u2019entreprise assur\u00e9e.<\/p>\n\n\n\n<hr class=\"wp-block-separator has-alpha-channel-opacity\"\/>\n\n\n\n<h2 class=\"wp-block-heading\"><strong>RC Pro : est-ce obligatoire ?<\/strong><\/h2>\n\n\n\n<p>Cela d\u00e9pend de votre <strong>secteur d\u2019activit\u00e9<\/strong>.<\/p>\n\n\n\n<figure class=\"wp-block-image size-large\"><img loading=\"lazy\" decoding=\"async\" width=\"1024\" height=\"684\" src=\"https:\/\/www.samcopro-assurance.fr\/wp-content\/uploads\/2025\/06\/AdobeStock_87070391-1-1024x684.jpeg\" alt=\"\" class=\"wp-image-556\" srcset=\"https:\/\/www.samcopro-assurance.fr\/wp-content\/uploads\/2025\/06\/AdobeStock_87070391-1-1024x684.jpeg 1024w, https:\/\/www.samcopro-assurance.fr\/wp-content\/uploads\/2025\/06\/AdobeStock_87070391-1-980x654.jpeg 980w, https:\/\/www.samcopro-assurance.fr\/wp-content\/uploads\/2025\/06\/AdobeStock_87070391-1-480x320.jpeg 480w\" sizes=\"(min-width: 0px) and (max-width: 480px) 480px, (min-width: 481px) and (max-width: 980px) 980px, (min-width: 981px) 1024px, 100vw\" \/><\/figure>\n\n\n\n<h3 class=\"wp-block-heading\"><strong>RC Pro obligatoire pour certaines professions :<\/strong><\/h3>\n\n\n\n<ul class=\"wp-block-list\">\n<li>Professions r\u00e9glement\u00e9es (avocats, experts-comptables, notaires\u2026)<\/li>\n\n\n\n<li>Professions m\u00e9dicales (m\u00e9decins, infirmiers, kin\u00e9sith\u00e9rapeutes\u2026)<\/li>\n\n\n\n<li>B\u00e2timent et construction<\/li>\n\n\n\n<li>Agents immobiliers et administrateurs de biens<\/li>\n\n\n\n<li>Courtiers, assureurs, consultants en finance<\/li>\n<\/ul>\n\n\n\n<p>Dans ces secteurs, <strong>la loi impose la RC Pro<\/strong>. Vous devez pouvoir justifier de votre couverture \u00e0 tout moment, notamment lors d\u2019un contr\u00f4le ou d\u2019un appel d\u2019offres.<\/p>\n\n\n\n<h3 class=\"wp-block-heading\"><strong>RC Pro facultative mais fortement recommand\u00e9e :<\/strong><\/h3>\n\n\n\n<p>Pour les <strong>freelances, artisans, commer\u00e7ants<\/strong>, professions cr\u00e9atives, consultants ou autoentrepreneurs non r\u00e9glement\u00e9s, elle n\u2019est pas toujours obligatoire. Mais elle reste <strong>tr\u00e8s vivement conseill\u00e9e<\/strong>, car <strong>les risques sont bien r\u00e9els<\/strong>.<\/p>\n\n\n\n<hr class=\"wp-block-separator has-alpha-channel-opacity\"\/>\n\n\n\n<h2 class=\"wp-block-heading\"><strong>Comment fonctionne la RC Pro en cas de sinistre ?<\/strong><\/h2>\n\n\n\n<p>En cas de probl\u00e8me, voici les \u00e9tapes g\u00e9n\u00e9rales :<\/p>\n\n\n\n<ol class=\"wp-block-list\">\n<li><strong>Un dommage survient<\/strong> pendant ou apr\u00e8s votre prestation<\/li>\n\n\n\n<li>Le client ou la victime <strong>vous met en cause<\/strong> ou r\u00e9clame un d\u00e9dommagement<\/li>\n\n\n\n<li>Vous <strong>d\u00e9clarez le sinistre \u00e0 votre assureur RC Pro<\/strong><\/li>\n\n\n\n<li>L\u2019assureur <strong>analyse le dossier<\/strong>, v\u00e9rifie que le sinistre est bien couvert<\/li>\n\n\n\n<li>Il missionne, si besoin, un <strong>expert ou un avocat<\/strong><\/li>\n\n\n\n<li>Si votre responsabilit\u00e9 est reconnue, l\u2019assurance <strong>indemnise le tiers victime<\/strong> selon les termes du contrat<\/li>\n<\/ol>\n\n\n\n<p>Il est essentiel de <strong>respecter les d\u00e9lais de d\u00e9claration<\/strong>, de <strong>ne pas reconna\u00eetre votre responsabilit\u00e9 trop vite<\/strong>, et de <strong>fournir toutes les preuves<\/strong> n\u00e9cessaires.<\/p>\n\n\n\n<hr class=\"wp-block-separator has-alpha-channel-opacity\"\/>\n\n\n\n<h2 class=\"wp-block-heading\"><strong>Combien co\u00fbte une RC Pro ?<\/strong><\/h2>\n\n\n\n<p>Le tarif d\u00e9pend de plusieurs crit\u00e8res :<\/p>\n\n\n\n<ul class=\"wp-block-list\">\n<li>Votre activit\u00e9 (plus elle est \u201c\u00e0 risque\u201d, plus la prime est \u00e9lev\u00e9e)<\/li>\n\n\n\n<li>Votre chiffre d\u2019affaires<\/li>\n\n\n\n<li>Votre anciennet\u00e9<\/li>\n\n\n\n<li>Le niveau de garanties (plafonds d\u2019indemnisation, franchise\u2026)<\/li>\n\n\n\n<li>Votre historique (nombre de sinistres d\u00e9clar\u00e9s)<\/li>\n<\/ul>\n\n\n\n<h3 class=\"wp-block-heading\"><strong>Ordre de grandeur :<\/strong><\/h3>\n\n\n\n<ul class=\"wp-block-list\">\n<li>Freelance dans le digital : 150 \u00e0 400 \u20ac \/ an<\/li>\n\n\n\n<li>Profession lib\u00e9rale r\u00e9glement\u00e9e : 400 \u00e0 1 200 \u20ac \/ an<\/li>\n\n\n\n<li>Activit\u00e9 BTP : 1 000 \u20ac \u00e0 plusieurs milliers selon l\u2019ampleur du chantier<\/li>\n<\/ul>\n\n\n\n<p>Avec <strong>SAMCO-PRO<\/strong>, vous pouvez obtenir un devis clair et ajust\u00e9 en fonction de votre m\u00e9tier et de vos besoins r\u00e9els.<\/p>\n\n\n\n<hr class=\"wp-block-separator has-alpha-channel-opacity\"\/>\n\n\n\n<h2 class=\"wp-block-heading\"><strong>Que couvre (ou ne couvre pas) la RC Pro ?<\/strong><\/h2>\n\n\n\n<h3 class=\"wp-block-heading\"><strong>Couverts :<\/strong><\/h3>\n\n\n\n<ul class=\"wp-block-list\">\n<li>Faute professionnelle, oubli, n\u00e9gligence<\/li>\n\n\n\n<li>Retards dans l\u2019ex\u00e9cution d\u2019un contrat<\/li>\n\n\n\n<li>Produits ou services d\u00e9fectueux<\/li>\n\n\n\n<li>D\u00e9faut de conseil ou de performance<\/li>\n<\/ul>\n\n\n\n<h3 class=\"wp-block-heading\"><strong>Non couverts (sauf extension) :<\/strong><\/h3>\n\n\n\n<ul class=\"wp-block-list\">\n<li>Dommages intentionnels<\/li>\n\n\n\n<li>Litiges entre associ\u00e9s<\/li>\n\n\n\n<li>Faute lourde ou infraction \u00e0 la loi<\/li>\n\n\n\n<li>Risques cyber (\u00e0 couvrir via une RC Cyber d\u00e9di\u00e9e)<\/li>\n\n\n\n<li>Dommages aux biens de l\u2019entreprise (couvert par une multirisque pro)<\/li>\n<\/ul>\n\n\n\n<p>Il est donc crucial de <strong>bien lire les exclusions<\/strong> et, au besoin, de demander des <strong>garanties compl\u00e9mentaires.<\/strong><\/p>\n\n\n\n<hr class=\"wp-block-separator has-alpha-channel-opacity\"\/>\n\n\n\n<h2 class=\"wp-block-heading\"><strong>Comment bien choisir sa RC Pro ?<\/strong><\/h2>\n\n\n\n<p>Pour choisir un bon contrat de RC Pro, ne regardez pas seulement le prix. Examinez :<\/p>\n\n\n\n<ul class=\"wp-block-list\">\n<li>Le <strong>plafond d\u2019indemnisation<\/strong> par sinistre et par ann\u00e9e<\/li>\n\n\n\n<li>Le <strong>montant de la franchise<\/strong> (part non rembours\u00e9e)<\/li>\n\n\n\n<li>Les <strong>exclusions de garantie<\/strong><\/li>\n\n\n\n<li>La <strong>rapidit\u00e9 de prise en charge<\/strong><\/li>\n\n\n\n<li>La <strong>qualit\u00e9 du service client<\/strong><\/li>\n<\/ul>\n\n\n\n<p>Un bon contrat doit <strong>prot\u00e9ger efficacement votre activit\u00e9<\/strong>, <strong>correspondre \u00e0 vos risques r\u00e9els<\/strong>, et <strong>\u00e9voluer avec votre d\u00e9veloppement<\/strong>.<\/p>\n\n\n\n<hr class=\"wp-block-separator has-alpha-channel-opacity\"\/>\n\n\n\n<h2 class=\"wp-block-heading\"><strong>Conclusion<\/strong><\/h2>\n\n\n\n<p>Alors, <strong>RC Pro, c\u2019est quoi<\/strong> ? C\u2019est l\u2019assurance indispensable pour tout professionnel responsable. Elle vous prot\u00e8ge, vous et votre entreprise, des cons\u00e9quences financi\u00e8res parfois lourdes d\u2019une erreur ou d\u2019un dommage caus\u00e9 \u00e0 un tiers. Que vous soyez freelance, TPE, artisan, commer\u00e7ant ou dirigeant de PME, <strong>vous n\u2019\u00eates jamais \u00e0 l\u2019abri d\u2019un incident professionnel<\/strong>.<\/p>\n\n\n\n<p>Avec <strong>SAMCO-PRO<\/strong>, vous b\u00e9n\u00e9ficiez d\u2019un <strong>accompagnement personnalis\u00e9<\/strong>, d\u2019une <strong>\u00e9valuation sur mesure de vos risques<\/strong>, et d\u2019un contrat <strong>adapt\u00e9 \u00e0 votre r\u00e9alit\u00e9 terrain<\/strong>. Parce que bien s\u2019assurer, c\u2019est avant tout bien comprendre.<\/p>\n\n\n\n<hr class=\"wp-block-separator has-alpha-channel-opacity\"\/>\n\n\n\n<p><strong>Vous voulez savoir si votre activit\u00e9 est bien couverte ? Contactez SAMCO-PRO pour un audit gratuit de votre contrat RC Pro.<\/strong><\/p>\n","protected":false},"excerpt":{"rendered":"<p>Introduction Dans le monde professionnel, on entend souvent parler de \u201cRC Pro\u201d, surtout lorsqu\u2019on monte son entreprise, qu\u2019on devient ind\u00e9pendant, ou qu\u2019on exerce une activit\u00e9 r\u00e9glement\u00e9e. Mais en pratique, peu de professionnels savent r\u00e9ellement ce que signifie RC Pro, c\u2019est quoi exactement, ce que \u00e7a couvre, et si c\u2019est vraiment utile, voire obligatoire. Pourtant, une [&hellip;]<\/p>\n","protected":false},"author":3,"featured_media":0,"comment_status":"open","ping_status":"open","sticky":false,"template":"","format":"standard","meta":{"_et_pb_use_builder":"off","_et_pb_old_content":"","_et_gb_content_width":"","footnotes":""},"categories":[1],"tags":[],"class_list":["post-555","post","type-post","status-publish","format-standard","hentry","category-uncategorized"],"_links":{"self":[{"href":"https:\/\/www.samcopro-assurance.fr\/index.php?rest_route=\/wp\/v2\/posts\/555","targetHints":{"allow":["GET"]}}],"collection":[{"href":"https:\/\/www.samcopro-assurance.fr\/index.php?rest_route=\/wp\/v2\/posts"}],"about":[{"href":"https:\/\/www.samcopro-assurance.fr\/index.php?rest_route=\/wp\/v2\/types\/post"}],"author":[{"embeddable":true,"href":"https:\/\/www.samcopro-assurance.fr\/index.php?rest_route=\/wp\/v2\/users\/3"}],"replies":[{"embeddable":true,"href":"https:\/\/www.samcopro-assurance.fr\/index.php?rest_route=%2Fwp%2Fv2%2Fcomments&post=555"}],"version-history":[{"count":1,"href":"https:\/\/www.samcopro-assurance.fr\/index.php?rest_route=\/wp\/v2\/posts\/555\/revisions"}],"predecessor-version":[{"id":557,"href":"https:\/\/www.samcopro-assurance.fr\/index.php?rest_route=\/wp\/v2\/posts\/555\/revisions\/557"}],"wp:attachment":[{"href":"https:\/\/www.samcopro-assurance.fr\/index.php?rest_route=%2Fwp%2Fv2%2Fmedia&parent=555"}],"wp:term":[{"taxonomy":"category","embeddable":true,"href":"https:\/\/www.samcopro-assurance.fr\/index.php?rest_route=%2Fwp%2Fv2%2Fcategories&post=555"},{"taxonomy":"post_tag","embeddable":true,"href":"https:\/\/www.samcopro-assurance.fr\/index.php?rest_route=%2Fwp%2Fv2%2Ftags&post=555"}],"curies":[{"name":"wp","href":"https:\/\/api.w.org\/{rel}","templated":true}]}}